
{"id":9920,"date":"2022-08-16T10:07:38","date_gmt":"2022-08-16T10:07:38","guid":{"rendered":"https:\/\/fello.pet\/?p=9920"},"modified":"2022-10-09T19:11:18","modified_gmt":"2022-10-09T19:11:18","slug":"rizo-americano-de-pelo-corto","status":"publish","type":"post","link":"https:\/\/fello.pet\/es\/rizo-americano-de-pelo-corto\/","title":{"rendered":"Curl Americano de Pelo Corto"},"content":{"rendered":"\n<p><strong><em>Un gato interesado y activo tiene un car\u00e1cter tranquilo y reservado. Est\u00e1 muy apegado a su due\u00f1o, le encanta pasar mucho tiempo en su compa\u00f1\u00eda. Con los miembros de la familia y otras personas, la mascota tambi\u00e9n es amistosa. La soledad que tolera mal le encanta ser el centro de atenci\u00f3n. El gato puede pasear la cola tras el due\u00f1o, pero al mismo tiempo, no estar molesto. Curl trata perfectamente a los ni\u00f1os, con placer jugando con ellos.<\/em><\/strong><\/p>\n\n\n\n<div class=\"wp-block-columns is-layout-flex wp-container-core-columns-is-layout-9d6595d7 wp-block-columns-is-layout-flex\">\n<div class=\"wp-block-column is-layout-flow wp-block-column-is-layout-flow\"><h2 class=\"simpletoc-title\">Tabla de \u0421ontenido<\/h2>\n<ul class=\"simpletoc-list\">\n<li><a href=\"#informacion-de-la-raza\">Informaci\u00f3n de la Raza<\/a>\n\n<\/li>\n<li><a href=\"#fotos-de-la-raza\">Fotos de la Raza<\/a>\n\n<\/li>\n<li><a href=\"#historia-de-origen\">Historia de Origen<\/a>\n\n<\/li>\n<li><a href=\"#apariencia\">Apariencia<\/a>\n\n<\/li>\n<li><a href=\"#personaje\">Personaje<\/a>\n\n<\/li>\n<li><a href=\"#cuidado\">Cuidado<\/a>\n\n<\/li>\n<li><a href=\"#educacion\">Educaci\u00f3n<\/a>\n\n<\/li>\n<li><a href=\"#enfermedades-comunes\">Enfermedades Comunes<\/a>\n\n<\/li>\n<li><a href=\"#nutricion\">Nutrici\u00f3n<\/a>\n<\/li><\/ul><\/div>\n\n\n\n<div class=\"wp-block-column is-layout-flow wp-block-column-is-layout-flow\"><h2 class=\"wp-block-heading\" id=\"informacion-de-la-raza\">Informaci\u00f3n de la Raza<\/h2>\n\n\n<figure class=\"wp-block-table alignleft\" style=\"font-size:18px\"><table class=\"has-fixed-layout\"><tbody><tr><td>Origen<\/td><td>Estados Unidos<\/td><\/tr><tr><td>Tama\u00f1o<\/td><td>28-33 cm<\/td><\/tr><tr><td>Peso<\/td><td>Machos 5-7 kg<br>Hembras 3-5 kg<\/td><\/tr><tr><td>Tipo de Piel<\/td><td>Semi-long-haired<\/td><\/tr><tr><td>Color<\/td><td>Pelo semilargo<\/td><\/tr><tr><td>Estilo de Vida<\/td><td>En el interior<\/td><\/tr><tr><td>Esperanza de Vida<\/td><td>12-16 a\u00f1os<\/td><\/tr><tr><td>Clasificaci\u00f3n FIFe<\/td><td>Categor\u00eda II: \u00abPelo semilargo\u00bb Designaci\u00f3n de la raza \u2013 ACS<\/td><\/tr><tr><td>Clasificaci\u00f3n WCF<\/td><td>Grupo 3: \u00abPelo corto\u00bb Designaci\u00f3n de la raza \u2013 ACS<\/td><\/tr><tr><td>Clasificaci\u00f3n TICA<\/td><td>AC<\/td><\/tr><tr><td>Grupo<\/td><td>Gatos de pelo corto, gatos para ni\u00f1os<\/td><\/tr><tr><td>Precio<\/td><td>$1200-1600<\/td><\/tr><\/tbody><\/table><\/figure>\n<\/div>\n<\/div>\n\n\n<h2 class=\"wp-block-heading\" id=\"fotos-de-la-raza\">Fotos de la Raza<\/h2>\n\n<div class=\"pgc-sgb-cb wp-block-pgcsimplygalleryblock-justified \" data-gallery-id=\"0c439517\"><div class=\"sgb-preloader\" id=\"pr_0c439517\">\n\t<div class=\"sgb-square\" style=\"background:#d4d4d4\"><\/div>\n\t<div class=\"sgb-square\" style=\"background:#d4d4d4\"><\/div>\n\t<div class=\"sgb-square\" style=\"background:#d4d4d4\"><\/div>\n\t<div class=\"sgb-square\" style=\"background:#d4d4d4\"><\/div><\/div><div class=\"simply-gallery-amp pgc_sgb_slider \"><noscript><div class=\"sgb-gallery\"><div class=\"sgb-item\"><a href=\"https:\/\/fello.pet\/?attachment_id=9907#main\" target=\"_blank\"><img decoding=\"async\" alt=\"American Curl Shorthair\" width=\"649\" height=\"400\" loading=\"lazy\" src=\"https:\/\/fello.pet\/wp-content\/uploads\/2022\/08\/American-Curl-Shorthair-1-649x400.jpg\" srcset=\"https:\/\/fello.pet\/wp-content\/uploads\/2022\/08\/American-Curl-Shorthair-1-649x400.jpg 649w,https:\/\/fello.pet\/wp-content\/uploads\/2022\/08\/American-Curl-Shorthair-1.jpg 800w\" sizes=\"auto, 250px\"\/><\/a><\/div><div class=\"sgb-item\"><a href=\"https:\/\/fello.pet\/?attachment_id=9903#main\" target=\"_blank\"><img decoding=\"async\" alt=\"American Curl Shorthair\" width=\"258\" height=\"400\" loading=\"lazy\" src=\"https:\/\/fello.pet\/wp-content\/uploads\/2022\/08\/American-Curl-Shorthair-4-258x400.jpg\" srcset=\"https:\/\/fello.pet\/wp-content\/uploads\/2022\/08\/American-Curl-Shorthair-4-258x400.jpg 258w,https:\/\/fello.pet\/wp-content\/uploads\/2022\/08\/American-Curl-Shorthair-4.jpg 420w\" sizes=\"auto, 250px\"\/><\/a><\/div><div class=\"sgb-item\"><a href=\"https:\/\/fello.pet\/?attachment_id=9911#main\" target=\"_blank\"><img decoding=\"async\" alt=\"American Curl Shorthair\" width=\"354\" height=\"400\" loading=\"lazy\" src=\"https:\/\/fello.pet\/wp-content\/uploads\/2022\/08\/American-Curl-Shorthair-3-354x400.jpg\" srcset=\"https:\/\/fello.pet\/wp-content\/uploads\/2022\/08\/American-Curl-Shorthair-3-354x400.jpg 354w,https:\/\/fello.pet\/wp-content\/uploads\/2022\/08\/American-Curl-Shorthair-3.jpg 620w\" sizes=\"auto, 250px\"\/><\/a><\/div><div class=\"sgb-item\"><a href=\"https:\/\/fello.pet\/?attachment_id=9915#main\" target=\"_blank\"><img decoding=\"async\" alt=\"American Curl Shorthair\" width=\"552\" height=\"396\" loading=\"lazy\" src=\"https:\/\/fello.pet\/wp-content\/uploads\/2022\/08\/American-Curl-Shorthair-2.jpg\" srcset=\",https:\/\/fello.pet\/wp-content\/uploads\/2022\/08\/American-Curl-Shorthair-2.jpg 552w\" sizes=\"auto, 250px\"\/><\/a><\/div><\/div><\/noscript><\/div><script type=\"application\/json\" class=\"sgb-data\">{\"lastRowFill\":true,\"collectionThumbRecomendedHeight\":300,\"collectionThumbMiniScreenScale\":true,\"externalLink\":false,\"collectionThumbSubMenuDownload\":false,\"collectionThumbSubMenuShare\":false,\"galleryType\":\"pgc_sgb_justified\",\"galleryId\":\"0c439517\",\"images\":[{\"id\":9907,\"title\":\"American Curl Shorthair\",\"url\":\"https:\/\/fello.pet\/wp-content\/uploads\/2022\/08\/American-Curl-Shorthair-1.jpg\",\"link\":\"https:\/\/fello.pet\/?attachment_id=9907#main\",\"alt\":\"American Curl Shorthair\",\"description\":\"\",\"caption\":\"\",\"mime\":\"image\/jpeg\",\"type\":\"image\",\"width\":800,\"height\":493,\"sizes\":{\"thumbnail\":{\"url\":\"https:\/\/fello.pet\/wp-content\/uploads\/2022\/08\/American-Curl-Shorthair-1-280x280.jpg\",\"height\":280,\"width\":280,\"orientation\":\"landscape\"},\"medium\":{\"url\":\"https:\/\/fello.pet\/wp-content\/uploads\/2022\/08\/American-Curl-Shorthair-1-649x400.jpg\",\"height\":400,\"width\":649,\"orientation\":\"landscape\"},\"full\":{\"url\":\"https:\/\/fello.pet\/wp-content\/uploads\/2022\/08\/American-Curl-Shorthair-1.jpg\",\"height\":493,\"width\":800,\"orientation\":\"landscape\"}},\"meta\":false,\"postlink\":\"https:\/\/fello.pet\/?attachment_id=9907#main\"},{\"id\":9903,\"title\":\"American Curl Shorthair\",\"url\":\"https:\/\/fello.pet\/wp-content\/uploads\/2022\/08\/American-Curl-Shorthair-4.jpg\",\"link\":\"https:\/\/fello.pet\/?attachment_id=9903#main\",\"alt\":\"American Curl Shorthair\",\"description\":\"\",\"caption\":\"\",\"mime\":\"image\/jpeg\",\"type\":\"image\",\"width\":420,\"height\":650,\"sizes\":{\"thumbnail\":{\"url\":\"https:\/\/fello.pet\/wp-content\/uploads\/2022\/08\/American-Curl-Shorthair-4-280x280.jpg\",\"height\":280,\"width\":280,\"orientation\":\"landscape\"},\"medium\":{\"url\":\"https:\/\/fello.pet\/wp-content\/uploads\/2022\/08\/American-Curl-Shorthair-4-258x400.jpg\",\"height\":400,\"width\":258,\"orientation\":\"portrait\"},\"full\":{\"url\":\"https:\/\/fello.pet\/wp-content\/uploads\/2022\/08\/American-Curl-Shorthair-4.jpg\",\"height\":650,\"width\":420,\"orientation\":\"portrait\"}},\"meta\":false,\"postlink\":\"https:\/\/fello.pet\/?attachment_id=9903#main\"},{\"id\":9911,\"title\":\"American Curl Shorthair\",\"url\":\"https:\/\/fello.pet\/wp-content\/uploads\/2022\/08\/American-Curl-Shorthair-3.jpg\",\"link\":\"https:\/\/fello.pet\/?attachment_id=9911#main\",\"alt\":\"American Curl Shorthair\",\"description\":\"\",\"caption\":\"\",\"mime\":\"image\/jpeg\",\"type\":\"image\",\"width\":620,\"height\":701,\"sizes\":{\"thumbnail\":{\"url\":\"https:\/\/fello.pet\/wp-content\/uploads\/2022\/08\/American-Curl-Shorthair-3-280x280.jpg\",\"height\":280,\"width\":280,\"orientation\":\"landscape\"},\"medium\":{\"url\":\"https:\/\/fello.pet\/wp-content\/uploads\/2022\/08\/American-Curl-Shorthair-3-354x400.jpg\",\"height\":400,\"width\":354,\"orientation\":\"portrait\"},\"full\":{\"url\":\"https:\/\/fello.pet\/wp-content\/uploads\/2022\/08\/American-Curl-Shorthair-3.jpg\",\"height\":701,\"width\":620,\"orientation\":\"portrait\"}},\"meta\":false,\"postlink\":\"https:\/\/fello.pet\/?attachment_id=9911#main\"},{\"id\":9915,\"title\":\"American Curl Shorthair\",\"url\":\"https:\/\/fello.pet\/wp-content\/uploads\/2022\/08\/American-Curl-Shorthair-2.jpg\",\"link\":\"https:\/\/fello.pet\/?attachment_id=9915#main\",\"alt\":\"American Curl Shorthair\",\"description\":\"\",\"caption\":\"\",\"mime\":\"image\/jpeg\",\"type\":\"image\",\"width\":552,\"height\":396,\"sizes\":{\"thumbnail\":{\"url\":\"https:\/\/fello.pet\/wp-content\/uploads\/2022\/08\/American-Curl-Shorthair-2-280x280.jpg\",\"height\":280,\"width\":280,\"orientation\":\"landscape\"},\"full\":{\"url\":\"https:\/\/fello.pet\/wp-content\/uploads\/2022\/08\/American-Curl-Shorthair-2.jpg\",\"height\":396,\"width\":552,\"orientation\":\"landscape\"}},\"meta\":false,\"postlink\":\"https:\/\/fello.pet\/?attachment_id=9915#main\"}],\"itemsMetaDataCollection\":[],\"galleryData\":\"{\\u0022pageMode\\u0022:false,\\u0022lastRowFill\\u0022:false,\\u0022collectionThumbRecomendedHeight\\u0022:200,\\u0022collectionThumbMiniScreenScale\\u0022:false,\\u0022thumbSpacing\\u0022:5,\\u0022thumbMobileSpacing\\u0022:5,\\u0022externalLink\\u0022:true,\\u0022externalLinkDefName\\u0022:\\u0022Read More\\u0022,\\u0022externalLinkTextColor\\u0022:\\u0022rgba(0,0,0,1)\\u0022,\\u0022externalLinkBgColor\\u0022:\\u0022rgba(255,255,255,1)\\u0022,\\u0022externalLinkFontSize\\u0022:18,\\u0022captions\\u0022:true,\\u0022captionSrc\\u0022:\\u0022caption\\u0022,\\u0022captionHAlign\\u0022:\\u0022top\\u0022,\\u0022collectionthumbHoverTitleFontSize\\u0022:18,\\u0022collectionthumbRoundedCorners\\u0022:0,\\u0022collectionthumbHoverTitleTextColor\\u0022:\\u0022rgba(255,255,255,1)\\u0022,\\u0022collectionthumbHoverTitleTextBgColor\\u0022:\\u0022rgba(0,0,0,0.8)\\u0022,\\u0022collectionthumbHoverBgColor\\u0022:\\u0022rgba(0,0,0,0.4)\\u0022,\\u0022collectionThumbSubMenuDownload\\u0022:true,\\u0022collectionThumbSubMenuShare\\u0022:true,\\u0022collectionThumbSubMenuBgColor\\u0022:\\u0022rgba(0,0,0,0.4)\\u0022,\\u0022collectionThumbSubMenuBgColorHover\\u0022:\\u0022rgba(255,255,255,1)\\u0022,\\u0022collectionThumbSubMenuIconColor\\u0022:\\u0022rgba(255,255,255,1)\\u0022,\\u0022collectionThumbSubMenuIconColorHover\\u0022:\\u0022rgba(0,0,0,1)\\u0022,\\u0022settingsModalIsOpen\\u0022:false,\\u0022galleryType\\u0022:\\u0022pgc_sgb_justified\\u0022,\\u0022align\\u0022:\\u0022\\u0022,\\u0022galleryId\\u0022:\\u00220c439517\\u0022,\\u0022tagsListCustomMode\\u0022:false,\\u0022initGalleryByFirstTag\\u0022:false,\\u0022deepLinkingForTag\\u0022:false,\\u0022galleryTagsList\\u0022:[],\\u0022useClobalSettings\\u0022:true,\\u0022orderBy\\u0022:\\u0022custom\\u0022,\\u0022deepLinking\\u0022:false,\\u0022useLightbox\\u0022:true,\\u0022thumbClickAction\\u0022:\\u0022useLightbox\\u0022,\\u0022numItemsDisplayed\\u0022:0,\\u0022lazyLoading\\u0022:true,\\u0022contentNoPadding\\u0022:false,\\u0022galleryPreloaderColor\\u0022:\\u0022rgba(230,230,230,1)\\u0022,\\u0022galleryBgColor\\u0022:\\u0022rgba(0,0,0,0)\\u0022,\\u0022galleryBorderRadius\\u0022:0,\\u0022customCSS\\u0022:\\u0022\\u0022,\\u0022itemsPerPage\\u0022:20,\\u0022loadMoreDefName\\u0022:\\u0022Load More\\u0022,\\u0022loadMoreFontSize\\u0022:16,\\u0022loadMoreTextColor\\u0022:\\u0022rgba(255,255,255,1)\\u0022,\\u0022loadMoreBgColor\\u0022:\\u0022rgba(0,0,0,1)\\u0022,\\u0022tagsFilter\\u0022:false,\\u0022tagCloudAll\\u0022:\\u0022All\\u0022,\\u0022tagCloudBgColor\\u0022:\\u0022rgba(153,153,153,1)\\u0022,\\u0022tagCloudBgColorOver\\u0022:\\u0022rgba(253,253,253,1)\\u0022,\\u0022tagCloudTextColor\\u0022:\\u0022rgba(253,253,253,1)\\u0022,\\u0022tagCloudTextColorOver\\u0022:\\u0022rgba(153,153,153,1)\\u0022,\\u0022tagCloudFontSize\\u0022:16,\\u0022modaBgColor\\u0022:\\u0022rgba(0,0,0,0.8)\\u0022,\\u0022modalIconColor\\u0022:\\u0022rgba(255,255,255,1)\\u0022,\\u0022modalIconColorHover\\u0022:\\u0022rgba(255,255,255,0.8)\\u0022,\\u0022shareFacebook\\u0022:true,\\u0022shareTwitter\\u0022:true,\\u0022sharePinterest\\u0022:true,\\u0022sliderItemDownload\\u0022:true,\\u0022shareCopyLink\\u0022:true,\\u0022sharePost\\u0022:\\u0022sharelink\\u0022,\\u0022copyRProtection\\u0022:false,\\u0022copyRAlert\\u0022:\\u0022Hello, this photo is mine!\\u0022,\\u0022sliderScrollNavi\\u0022:false,\\u0022sliderFullSizeViewMode\\u0022:false,\\u0022sliderNextPrevAnimation\\u0022:\\u0022animation\\u0022,\\u0022galleryScrollPositionControll\\u0022:false,\\u0022sliderVideoAutoPlay\\u0022:false,\\u0022sliderTryPlayNext\\u0022:false,\\u0022sliderVideoLoop\\u0022:false,\\u0022sliderItemCounterEnable\\u0022:true,\\u0022sliderCaptionSrc\\u0022:\\u0022caption\\u0022,\\u0022sliderItemTitleEnable\\u0022:false,\\u0022sliderItemTitleFontSize\\u0022:18,\\u0022sliderItemTitleTextColor\\u0022:\\u0022rgba(255,255,255,1)\\u0022,\\u0022itemCounterColor\\u0022:\\u0022rgba(255,255,255,1)\\u0022,\\u0022sliderThumbBarEnable\\u0022:true,\\u0022sliderThumbBarHoverColor\\u0022:\\u0022rgba(240,240,240,1)\\u0022,\\u0022sliderBgColor\\u0022:\\u0022rgba(0,0,0,0.8)\\u0022,\\u0022sliderPreloaderColor\\u0022:\\u0022rgba(240,240,240,1)\\u0022,\\u0022sliderHeaderFooterBgColor\\u0022:\\u0022rgba(0,0,0,0.4)\\u0022,\\u0022sliderNavigationColor\\u0022:\\u0022rgba(0,0,0,1)\\u0022,\\u0022sliderNavigationColorOver\\u0022:\\u0022rgba(255,255,255,1)\\u0022,\\u0022sliderNavigationIconColor\\u0022:\\u0022rgba(255,255,255,1)\\u0022,\\u0022sliderNavigationIconColorOver\\u0022:\\u0022rgba(0,0,0,1)\\u0022,\\u0022sliderSlideshow\\u0022:true,\\u0022sliderSlideshowDelay\\u0022:8,\\u0022slideshowIndicatorColor\\u0022:\\u0022rgba(255,255,255,1)\\u0022,\\u0022slideshowIndicatorColorBg\\u0022:\\u0022rgba(255,255,255,0.5)\\u0022,\\u0022sliderThumbSubMenuBackgroundColor\\u0022:\\u0022rgba(255,255,255,0)\\u0022,\\u0022sliderThumbSubMenuBackgroundColorOver\\u0022:\\u0022rgba(255,255,255,1)\\u0022,\\u0022sliderThumbSubMenuIconColor\\u0022:\\u0022rgba(255,255,255,1)\\u0022,\\u0022sliderThumbSubMenuIconHoverColor\\u0022:\\u0022rgba(0,0,0,1)\\u0022,\\u0022sliderSocialShareEnabled\\u0022:true,\\u0022sliderZoomEnable\\u0022:true,\\u0022sliderFullscreenEnabled\\u0022:true,\\u0022skin\\u0022:\\u0022justified\\u0022}\",\"useClobalSettings\":true,\"sharePost\":\"postlink\",\"sliderSocialShareEnabled\":false}<\/script><script>(function(){if(window.PGC_SGB && window.PGC_SGB.searcher){window.PGC_SGB.searcher.initBlocks()}})()<\/script><\/div>\n\n<h2 class=\"wp-block-heading\" id=\"historia-de-origen\">Historia de Origen<\/h2>\n\n\n<p>El Curl Americano de pelo corto es una raza relativamente joven que naci\u00f3 en 1981. Un d\u00eda, una familia de Lakewood, California, encontr\u00f3 un gatito negro bajo su puerta. La pareja se compadeci\u00f3 de \u00e9l y se lo llev\u00f3; m\u00e1s tarde, se interesaron por la mejor forma de las orejas de la mascota. Cuando consultaron a un experto, descubrieron que se trataba de un gen dominante que hab\u00eda mutado.<\/p>\n\n\n\n<p>M\u00e1s tarde, la gata dio descendencia con los mismos gatitos, lo que interes\u00f3 a los criadores. Comenzaron a criar la nueva raza en 1983. Tres a\u00f1os m\u00e1s tarde, la American Cat Fanciers Association comenz\u00f3 a registrarla con su nombre moderno. Un a\u00f1o m\u00e1s tarde, el American Curl fue reconocido por la Asociaci\u00f3n Felina Internacional. El reconocimiento pleno de la CFA se produjo en 1993.<\/p>\n\n\n<h2 class=\"wp-block-heading\" id=\"apariencia\">Apariencia<\/h2>\n\n\n<p>El Curl Americano de pelo corto tiene un cuerpo flexible y rectangular. El cuerpo es ligeramente alargado pero musculoso. La cabeza del gato es en forma de cu\u00f1a, con transiciones suaves. La nariz es moderadamente larga. El ment\u00f3n est\u00e1 bien definido. Los ojos son grandes, ovalados; el color puede ser diferente. Las orejas son el sello distintivo del Rizo. Son anchas y grandes, curvadas hacia atr\u00e1s.<\/p>\n\n\n\n<p>Las extremidades son de longitud media, rectas, con patas redondas. La cola tiene la misma longitud que el torso del gato. Es gruesa en la base y estrecha en el extremo. El pelaje del Curl es corto, el\u00e1stico y suave. El color puede ser diferente, sin restricciones.<\/p>\n\n\n<h2 class=\"wp-block-heading\" id=\"personaje\">Personaje<\/h2>\n\n\n<p>Un gato interesado y activo tiene un car\u00e1cter tranquilo y reservado. Est\u00e1 muy apegado a su due\u00f1o, le encanta pasar mucho tiempo en su compa\u00f1\u00eda. Con los miembros de la familia y otras personas, la mascota tambi\u00e9n es amistosa. La soledad que tolera mal le encanta ser el centro de atenci\u00f3n. El gato puede pasear la cola tras el due\u00f1o, pero al mismo tiempo, no estar molesto. Curl trata perfectamente a los ni\u00f1os, con placer jugando con ellos.<\/p>\n\n\n\n<p>Tambi\u00e9n se lleva bien con otros animales. La excepci\u00f3n ser\u00e1n los peque\u00f1os roedores y las aves, sobre los que el gato despierta su instinto de caza. El American Curl se adapta sin problemas a nuevas condiciones. Puede llevarlo de viaje, mudarse a un nuevo apartamento tampoco ser\u00e1 un problema.<\/p>\n\n\n<h2 class=\"wp-block-heading\" id=\"cuidado\">Cuidado<\/h2>\n\n\n<p>Dado que el gato pasa todo el tiempo en el apartamento, vale la pena comprar una cuna o una casa c\u00f3moda. Adem\u00e1s, no puede ir a ning\u00fan sitio sin un cuenco para la comida y una caja de arena. Hasta los tres meses de edad, no debes dejar que el gatito salga al exterior. Vigila cuidadosamente los movimientos de la peque\u00f1a mascota por la casa para protegerla de posibles lesiones.<\/p>\n\n\n\n<p>La versi\u00f3n de pelo corto del American Curl debe cepillarse una vez cada 7-10 d\u00edas. En caso de muda, conviene hacerlo m\u00e1s a menudo. No se recomienda ba\u00f1ar al gato a menudo; 2-3 veces al a\u00f1o es suficiente. Preste atenci\u00f3n a las orejas y los ojos del gato. Los primeros necesitan una limpieza mensual. Hay que hacerlo con mucha suavidad para no da\u00f1ar el fr\u00e1gil cart\u00edlago de las orejas del gato. Limpie la placa de los ojos todos los d\u00edas. Adem\u00e1s, no olvides cortarle las u\u00f1as.<\/p>\n\n\n<h2 class=\"wp-block-heading\" id=\"educacion\">Educaci\u00f3n<\/h2>\n\n\n<p>El Curl Americano de pelo corto es un gato inteligente y obediente y tambi\u00e9n tiene un temperamento tranquilo. No habr\u00e1 problemas con su crianza, pero es mejor empezar el adiestramiento pronto. Adem\u00e1s de la socializaci\u00f3n, a esta mascota, como a un perro, se le pueden ense\u00f1ar las \u00f3rdenes b\u00e1sicas.<\/p>\n\n\n\n<p>Recuerde no repetir y cambiar las \u00f3rdenes. En caso de fallo, mostrar indulgencia. En ning\u00fan caso grite al gato. Premie siempre a su gato con golosinas y elogios.<\/p>\n\n\n<h2 class=\"wp-block-heading\" id=\"enfermedades-comunes\">Enfermedades Comunes<\/h2>\n\n\n<p>Los Curl Americanos gozan de muy buena salud. Han nacido por mutaci\u00f3n, por lo que no son susceptibles de padecer enfermedades gen\u00e9ticas. Los gatos tambi\u00e9n son resistentes a las infecciones virales. Conviene recordar la fragilidad del cart\u00edlago de las orejas de la mascota. No tire de las orejas y tenga cuidado al cepillarlas, para no romperlas.<\/p>\n\n\n\n<p>Preste tambi\u00e9n la debida atenci\u00f3n a los ojos y dientes de su gato. Estos \u00faltimos deber\u00edan limpiarse de placa una vez cada 1-2 semanas con una pasta de dientes especial. As\u00ed evitar\u00e1 la formaci\u00f3n de placa. Unos cuidados adecuados y una dieta equilibrada son la clave para la salud de su gato. No olvide llevar al gato al veterinario, vacunarlo y desparasitarlo.<\/p>\n\n\n<h2 class=\"wp-block-heading\" id=\"nutricion\">Nutrici\u00f3n<\/h2>\n\n\n<p>Es necesario controlar la dieta del Curl Americano. La comida de la mesa humana no es buena para \u00e9l. La base de la dieta adecuada del gato debe ser la carne magra y los subproductos. El cordero, la ternera, el pollo y otras aves de corral ser\u00e1n buenos. Adem\u00e1s, las gachas de avena y arroz cocidas en el caldo no le har\u00e1n da\u00f1o.<\/p>\n\n\n\n<p>Ser\u00e1n \u00fatiles los productos l\u00e1cteos bajos en grasa, como el yogur, el reques\u00f3n y el k\u00e9fir. Las verduras deben ser guisadas o hervidas. Las zanahorias, la calabaza, el calabac\u00edn y la remolacha ser\u00e1n suficientes. No estar\u00e1n de m\u00e1s los suplementos vitam\u00ednicos, que fortalecer\u00e1n el organismo de la mascota. Hasta los seis meses, los gatitos comen 4-5 veces al d\u00eda. Despu\u00e9s de un a\u00f1o, hay que alimentarlos tres veces, y a partir del a\u00f1o y medio, pasar a dos comidas al d\u00eda.<\/p>\n\n\n\n","protected":false},"excerpt":{"rendered":"<p>Un gato interesado y activo tiene un car\u00e1cter tranquilo y reservado. Est\u00e1 muy apegado a su due\u00f1o, le encanta pasar mucho tiempo en su compa\u00f1\u00eda. Con los miembros de la familia y otras personas, la mascota tambi\u00e9n es amistosa. La soledad que tolera mal le encanta ser el centro de atenci\u00f3n. El gato puede pasear [&hellip;]<\/p>\n","protected":false},"author":2,"featured_media":9909,"comment_status":"open","ping_status":"open","sticky":false,"template":"","format":"standard","meta":{"_acf_changed":false,"inline_featured_image":false,"pgc_sgb_lightbox_settings":"","footnotes":""},"categories":[274],"tags":[339,355],"class_list":["post-9920","post","type-post","status-publish","format-standard","has-post-thumbnail","hentry","category-razas-de-gatos","tag-razas-de-gatos-de-pelo-corto","tag-razas-de-gatos-para-ninos"],"acf":[],"_links":{"self":[{"href":"https:\/\/fello.pet\/es\/wp-json\/wp\/v2\/posts\/9920","targetHints":{"allow":["GET"]}}],"collection":[{"href":"https:\/\/fello.pet\/es\/wp-json\/wp\/v2\/posts"}],"about":[{"href":"https:\/\/fello.pet\/es\/wp-json\/wp\/v2\/types\/post"}],"author":[{"embeddable":true,"href":"https:\/\/fello.pet\/es\/wp-json\/wp\/v2\/users\/2"}],"replies":[{"embeddable":true,"href":"https:\/\/fello.pet\/es\/wp-json\/wp\/v2\/comments?post=9920"}],"version-history":[{"count":2,"href":"https:\/\/fello.pet\/es\/wp-json\/wp\/v2\/posts\/9920\/revisions"}],"predecessor-version":[{"id":9922,"href":"https:\/\/fello.pet\/es\/wp-json\/wp\/v2\/posts\/9920\/revisions\/9922"}],"wp:featuredmedia":[{"embeddable":true,"href":"https:\/\/fello.pet\/es\/wp-json\/wp\/v2\/media\/9909"}],"wp:attachment":[{"href":"https:\/\/fello.pet\/es\/wp-json\/wp\/v2\/media?parent=9920"}],"wp:term":[{"taxonomy":"category","embeddable":true,"href":"https:\/\/fello.pet\/es\/wp-json\/wp\/v2\/categories?post=9920"},{"taxonomy":"post_tag","embeddable":true,"href":"https:\/\/fello.pet\/es\/wp-json\/wp\/v2\/tags?post=9920"}],"curies":[{"name":"wp","href":"https:\/\/api.w.org\/{rel}","templated":true}]}}