
{"id":726,"date":"2022-03-24T14:30:14","date_gmt":"2022-03-24T14:30:14","guid":{"rendered":"https:\/\/fello.pet\/?p=726"},"modified":"2022-04-01T08:53:03","modified_gmt":"2022-04-01T08:53:03","slug":"pastor-holandes","status":"publish","type":"post","link":"https:\/\/fello.pet\/es\/pastor-holandes\/","title":{"rendered":"Pastor Holand\u00e9s"},"content":{"rendered":"\n<p><strong><em>El pastor holand\u00e9s es un perro brillante que rara vez ladra sin motivo. El animal es muy leal y querr\u00e1 a todos los miembros de la familia.<\/em><\/strong><\/p>\n\n\n\n<div class=\"wp-block-columns is-layout-flex wp-container-core-columns-is-layout-9d6595d7 wp-block-columns-is-layout-flex\">\n<div class=\"wp-block-column is-layout-flow wp-block-column-is-layout-flow\"><h2 class=\"simpletoc-title\">Tabla de \u0421ontenido<\/h2>\n<ul class=\"simpletoc-list\">\n<li><a href=\"#informacion-de-la-raza\">Informaci\u00f3n de la Raza<\/a>\n\n<\/li>\n<li><a href=\"#fotos-de-la-raza\">Fotos de la Raza<\/a>\n\n<\/li>\n<li><a href=\"#historia-de-origen\">Historia de Origen<\/a>\n\n<\/li>\n<li><a href=\"#apariencia\">Apariencia<\/a>\n\n<\/li>\n<li><a href=\"#personaje\">Personaje<\/a>\n\n<\/li>\n<li><a href=\"#cuidado\">Cuidado<\/a>\n\n<\/li>\n<li><a href=\"#formacion\">Formaci\u00f3n<\/a>\n\n<\/li>\n<li><a href=\"#enfermedades-comunes\">Enfermedades Comunes<\/a>\n\n<\/li>\n<li><a href=\"#nutricion\">Nutrici\u00f3n<\/a>\n<\/li><\/ul><\/div>\n\n\n\n<div class=\"wp-block-column is-layout-flow wp-block-column-is-layout-flow\"><h2 class=\"wp-block-heading\" id=\"informacion-de-la-raza\">Informaci\u00f3n de la Raza<\/h2>\n\n\n<figure class=\"wp-block-table alignleft\" style=\"font-size:18px\"><table class=\"has-fixed-layout\"><tbody><tr><td>Otro Nombre<\/td><td>Hollandse Herder, Dutch Shepherd<\/td><\/tr><tr><td>Origen<\/td><td>Pa\u00edses Bajos<\/td><\/tr><tr><td>Altura<\/td><td>Machos 55-62 cm<br>Hembras 50-60 cm<\/td><\/tr><tr><td>Peso<\/td><td>Machos 23-30 kg<br>Hembras 25-30 kg<\/td><\/tr><tr><td>Pelo<\/td><td>Lana larga, corta, r\u00edgida<\/td><\/tr><tr><td>Color<\/td><td>Tigre con rayas doradas, tigre con rayas plateadas, marr\u00f3n dorado<\/td><\/tr><tr><td>Esperanza de Vida<\/td><td>11-15 a\u00f1os<\/td><\/tr><tr><td>Clasificaci\u00f3n FCI<\/td><td>Perros de pastor y perros boyeros (excepto perros boyeros suizos)<\/td><\/tr><tr><td>Grupo<\/td><td>Perros para ni\u00f1os, perros pastores<\/td><\/tr><tr><td>Precio<\/td><td>Desde $700<\/td><\/tr><\/tbody><\/table><\/figure>\n<\/div>\n<\/div>\n\n\n<h2 class=\"wp-block-heading\" id=\"fotos-de-la-raza\">Fotos de la Raza<\/h2>\n\n<div class=\"pgc-sgb-cb wp-block-pgcsimplygalleryblock-justified \" data-gallery-id=\"c4214114\"><div class=\"sgb-preloader\" id=\"pr_c4214114\">\n\t<div class=\"sgb-square\" style=\"background:#d4d4d4\"><\/div>\n\t<div class=\"sgb-square\" style=\"background:#d4d4d4\"><\/div>\n\t<div class=\"sgb-square\" style=\"background:#d4d4d4\"><\/div>\n\t<div class=\"sgb-square\" style=\"background:#d4d4d4\"><\/div><\/div><div class=\"simply-gallery-amp pgc_sgb_slider \"><noscript><div class=\"sgb-gallery\"><div class=\"sgb-item\"><a href=\"https:\/\/es.fello.pet\/razas-de-perros\/pastor-holandes\/attachment\/dutch-shepherd-4-2\/#main\" target=\"_blank\"><img decoding=\"async\" alt=\"Pastor Holand\u00e9s\" width=\"564\" height=\"376\" loading=\"lazy\" src=\"https:\/\/es.fello.pet\/wp-content\/uploads\/2022\/03\/Dutch-Shepherd-4.jpg\" srcset=\",https:\/\/es.fello.pet\/wp-content\/uploads\/2022\/03\/Dutch-Shepherd-4.jpg 564w\" sizes=\"auto, 250px\"\/><\/a><\/div><div class=\"sgb-item\"><a href=\"https:\/\/es.fello.pet\/razas-de-perros\/pastor-holandes\/attachment\/dutch-shepherd-3-2\/#main\" target=\"_blank\"><img decoding=\"async\" alt=\"Dutch Shepherd\" width=\"300\" height=\"400\" loading=\"lazy\" src=\"https:\/\/es.fello.pet\/wp-content\/uploads\/2022\/03\/Dutch-Shepherd-3-300x400.jpg\" srcset=\"https:\/\/es.fello.pet\/wp-content\/uploads\/2022\/03\/Dutch-Shepherd-3-300x400.jpg 300w,https:\/\/es.fello.pet\/wp-content\/uploads\/2022\/03\/Dutch-Shepherd-3.jpg 480w\" sizes=\"auto, 250px\"\/><\/a><\/div><div class=\"sgb-item\"><a href=\"https:\/\/es.fello.pet\/razas-de-perros\/pastor-holandes\/attachment\/dutch-shepherd-2-2\/#main\" target=\"_blank\"><img decoding=\"async\" alt=\"Dutch Shepherd\" width=\"267\" height=\"400\" loading=\"lazy\" src=\"https:\/\/es.fello.pet\/wp-content\/uploads\/2022\/03\/Dutch-Shepherd-2-267x400.jpg\" srcset=\"https:\/\/es.fello.pet\/wp-content\/uploads\/2022\/03\/Dutch-Shepherd-2-267x400.jpg 267w,https:\/\/es.fello.pet\/wp-content\/uploads\/2022\/03\/Dutch-Shepherd-2-533x800.jpg 533w,https:\/\/es.fello.pet\/wp-content\/uploads\/2022\/03\/Dutch-Shepherd-2.jpg 564w\" sizes=\"auto, 250px\"\/><\/a><\/div><div class=\"sgb-item\"><a href=\"https:\/\/es.fello.pet\/razas-de-perros\/pastor-holandes\/attachment\/dutch-shepherd-1-2\/#main\" target=\"_blank\"><img decoding=\"async\" alt=\"Dutch Shepherd\" width=\"266\" height=\"400\" loading=\"lazy\" src=\"https:\/\/es.fello.pet\/wp-content\/uploads\/2022\/03\/Dutch-Shepherd-1-266x400.jpg\" srcset=\"https:\/\/es.fello.pet\/wp-content\/uploads\/2022\/03\/Dutch-Shepherd-1-266x400.jpg 266w,https:\/\/es.fello.pet\/wp-content\/uploads\/2022\/03\/Dutch-Shepherd-1.jpg 400w\" sizes=\"auto, 250px\"\/><\/a><\/div><\/div><\/noscript><\/div><script type=\"application\/json\" class=\"sgb-data\">{\"lastRowFill\":true,\"collectionThumbRecomendedHeight\":300,\"collectionThumbMiniScreenScale\":true,\"externalLink\":false,\"collectionThumbSubMenuDownload\":false,\"collectionThumbSubMenuShare\":false,\"galleryType\":\"pgc_sgb_justified\",\"galleryId\":\"c4214114\",\"images\":[{\"id\":1339,\"title\":\"Pastor Holand\u00e9s\",\"url\":\"https:\/\/es.fello.pet\/wp-content\/uploads\/2022\/03\/Dutch-Shepherd-4.jpg\",\"link\":\"https:\/\/es.fello.pet\/razas-de-perros\/pastor-holandes\/attachment\/dutch-shepherd-4-2\/#main\",\"alt\":\"Pastor Holand\u00e9s\",\"description\":\"\",\"caption\":\"\",\"mime\":\"image\/jpeg\",\"type\":\"image\",\"width\":564,\"height\":376,\"sizes\":{\"thumbnail\":{\"url\":\"https:\/\/es.fello.pet\/wp-content\/uploads\/2022\/03\/Dutch-Shepherd-4-280x280.jpg\",\"height\":280,\"width\":280,\"orientation\":\"landscape\"},\"full\":{\"url\":\"https:\/\/es.fello.pet\/wp-content\/uploads\/2022\/03\/Dutch-Shepherd-4.jpg\",\"height\":376,\"width\":564,\"orientation\":\"landscape\"}},\"meta\":false,\"postlink\":\"https:\/\/es.fello.pet\/razas-de-perros\/pastor-holandes\/attachment\/dutch-shepherd-4-2\/#main\"},{\"id\":719,\"title\":\"Dutch Shepherd 3\",\"url\":\"https:\/\/es.fello.pet\/wp-content\/uploads\/2022\/03\/Dutch-Shepherd-3.jpg\",\"link\":\"https:\/\/es.fello.pet\/razas-de-perros\/pastor-holandes\/attachment\/dutch-shepherd-3-2\/#main\",\"alt\":\"Dutch Shepherd\",\"description\":\"\",\"caption\":\"\",\"mime\":\"image\/jpeg\",\"type\":\"image\",\"width\":480,\"height\":640,\"sizes\":{\"thumbnail\":{\"url\":\"https:\/\/es.fello.pet\/wp-content\/uploads\/2022\/03\/Dutch-Shepherd-3-280x280.jpg\",\"height\":280,\"width\":280,\"orientation\":\"landscape\"},\"medium\":{\"url\":\"https:\/\/es.fello.pet\/wp-content\/uploads\/2022\/03\/Dutch-Shepherd-3-300x400.jpg\",\"height\":400,\"width\":300,\"orientation\":\"portrait\"},\"full\":{\"url\":\"https:\/\/es.fello.pet\/wp-content\/uploads\/2022\/03\/Dutch-Shepherd-3.jpg\",\"height\":640,\"width\":480,\"orientation\":\"portrait\"}},\"meta\":false,\"postlink\":\"https:\/\/es.fello.pet\/razas-de-perros\/pastor-holandes\/attachment\/dutch-shepherd-3-2\/#main\"},{\"id\":721,\"title\":\"Dutch Shepherd 2\",\"url\":\"https:\/\/es.fello.pet\/wp-content\/uploads\/2022\/03\/Dutch-Shepherd-2.jpg\",\"link\":\"https:\/\/es.fello.pet\/razas-de-perros\/pastor-holandes\/attachment\/dutch-shepherd-2-2\/#main\",\"alt\":\"Dutch Shepherd\",\"description\":\"\",\"caption\":\"\",\"mime\":\"image\/jpeg\",\"type\":\"image\",\"width\":564,\"height\":846,\"sizes\":{\"thumbnail\":{\"url\":\"https:\/\/es.fello.pet\/wp-content\/uploads\/2022\/03\/Dutch-Shepherd-2-280x280.jpg\",\"height\":280,\"width\":280,\"orientation\":\"landscape\"},\"medium\":{\"url\":\"https:\/\/es.fello.pet\/wp-content\/uploads\/2022\/03\/Dutch-Shepherd-2-267x400.jpg\",\"height\":400,\"width\":267,\"orientation\":\"portrait\"},\"large\":{\"url\":\"https:\/\/es.fello.pet\/wp-content\/uploads\/2022\/03\/Dutch-Shepherd-2-533x800.jpg\",\"height\":800,\"width\":533,\"orientation\":\"portrait\"},\"full\":{\"url\":\"https:\/\/es.fello.pet\/wp-content\/uploads\/2022\/03\/Dutch-Shepherd-2.jpg\",\"height\":846,\"width\":564,\"orientation\":\"portrait\"}},\"meta\":false,\"postlink\":\"https:\/\/es.fello.pet\/razas-de-perros\/pastor-holandes\/attachment\/dutch-shepherd-2-2\/#main\"},{\"id\":723,\"title\":\"Dutch Shepherd 1\",\"url\":\"https:\/\/es.fello.pet\/wp-content\/uploads\/2022\/03\/Dutch-Shepherd-1.jpg\",\"link\":\"https:\/\/es.fello.pet\/razas-de-perros\/pastor-holandes\/attachment\/dutch-shepherd-1-2\/#main\",\"alt\":\"Dutch Shepherd\",\"description\":\"\",\"caption\":\"\",\"mime\":\"image\/jpeg\",\"type\":\"image\",\"width\":400,\"height\":601,\"sizes\":{\"thumbnail\":{\"url\":\"https:\/\/es.fello.pet\/wp-content\/uploads\/2022\/03\/Dutch-Shepherd-1-280x280.jpg\",\"height\":280,\"width\":280,\"orientation\":\"landscape\"},\"medium\":{\"url\":\"https:\/\/es.fello.pet\/wp-content\/uploads\/2022\/03\/Dutch-Shepherd-1-266x400.jpg\",\"height\":400,\"width\":266,\"orientation\":\"portrait\"},\"full\":{\"url\":\"https:\/\/es.fello.pet\/wp-content\/uploads\/2022\/03\/Dutch-Shepherd-1.jpg\",\"height\":601,\"width\":400,\"orientation\":\"portrait\"}},\"meta\":false,\"postlink\":\"https:\/\/es.fello.pet\/razas-de-perros\/pastor-holandes\/attachment\/dutch-shepherd-1-2\/#main\"}],\"itemsMetaDataCollection\":[],\"galleryData\":\"{\\u0022pageMode\\u0022:false,\\u0022lastRowFill\\u0022:true,\\u0022collectionThumbRecomendedHeight\\u0022:300,\\u0022collectionThumbMiniScreenScale\\u0022:true,\\u0022thumbSpacing\\u0022:5,\\u0022externalLink\\u0022:false,\\u0022externalLinkDefName\\u0022:\\u0022Read More\\u0022,\\u0022externalLinkTextColor\\u0022:\\u0022rgba(0,0,0,1)\\u0022,\\u0022externalLinkBgColor\\u0022:\\u0022rgba(255,255,255,1)\\u0022,\\u0022externalLinkFontSize\\u0022:18,\\u0022captions\\u0022:true,\\u0022captionSrc\\u0022:\\u0022caption\\u0022,\\u0022captionHAlign\\u0022:\\u0022top\\u0022,\\u0022collectionthumbHoverTitleFontSize\\u0022:18,\\u0022collectionthumbRoundedCorners\\u0022:0,\\u0022collectionthumbHoverTitleTextColor\\u0022:\\u0022rgba(255,255,255,1)\\u0022,\\u0022collectionthumbHoverTitleTextBgColor\\u0022:\\u0022rgba(0,0,0,0.8)\\u0022,\\u0022collectionthumbHoverBgColor\\u0022:\\u0022rgba(0,0,0,0.4)\\u0022,\\u0022collectionThumbSubMenuDownload\\u0022:false,\\u0022collectionThumbSubMenuShare\\u0022:false,\\u0022collectionThumbSubMenuBgColor\\u0022:\\u0022rgba(0,0,0,0.4)\\u0022,\\u0022collectionThumbSubMenuBgColorHover\\u0022:\\u0022rgba(255,255,255,1)\\u0022,\\u0022collectionThumbSubMenuIconColor\\u0022:\\u0022rgba(255,255,255,1)\\u0022,\\u0022collectionThumbSubMenuIconColorHover\\u0022:\\u0022rgba(0,0,0,1)\\u0022,\\u0022settingsModalIsOpen\\u0022:false,\\u0022galleryType\\u0022:\\u0022pgc_sgb_justified\\u0022,\\u0022align\\u0022:\\u0022\\u0022,\\u0022galleryId\\u0022:\\u0022c4214114\\u0022,\\u0022tagsListCustomMode\\u0022:false,\\u0022initGalleryByFirstTag\\u0022:false,\\u0022deepLinkingForTag\\u0022:false,\\u0022galleryTagsList\\u0022:[],\\u0022useClobalSettings\\u0022:true,\\u0022orderBy\\u0022:\\u0022custom\\u0022,\\u0022deepLinking\\u0022:false,\\u0022useLightbox\\u0022:true,\\u0022thumbClickAction\\u0022:\\u0022useLightbox\\u0022,\\u0022numItemsDisplayed\\u0022:0,\\u0022lazyLoading\\u0022:true,\\u0022contentNoPadding\\u0022:false,\\u0022galleryPreloaderColor\\u0022:\\u0022rgba(230,230,230,1)\\u0022,\\u0022galleryBgColor\\u0022:\\u0022rgba(0,0,0,0)\\u0022,\\u0022galleryBorderRadius\\u0022:0,\\u0022customCSS\\u0022:\\u0022\\u0022,\\u0022itemsPerPage\\u0022:20,\\u0022loadMoreDefName\\u0022:\\u0022Load More\\u0022,\\u0022loadMoreFontSize\\u0022:16,\\u0022loadMoreTextColor\\u0022:\\u0022rgba(255,255,255,1)\\u0022,\\u0022loadMoreBgColor\\u0022:\\u0022rgba(0,0,0,1)\\u0022,\\u0022tagsFilter\\u0022:false,\\u0022tagCloudAll\\u0022:\\u0022All\\u0022,\\u0022tagCloudBgColor\\u0022:\\u0022rgba(153,153,153,1)\\u0022,\\u0022tagCloudBgColorOver\\u0022:\\u0022rgba(253,253,253,1)\\u0022,\\u0022tagCloudTextColor\\u0022:\\u0022rgba(253,253,253,1)\\u0022,\\u0022tagCloudTextColorOver\\u0022:\\u0022rgba(153,153,153,1)\\u0022,\\u0022tagCloudFontSize\\u0022:16,\\u0022modaBgColor\\u0022:\\u0022rgba(0,0,0,0.8)\\u0022,\\u0022modalIconColor\\u0022:\\u0022rgba(255,255,255,1)\\u0022,\\u0022modalIconColorHover\\u0022:\\u0022rgba(255,255,255,0.8)\\u0022,\\u0022shareFacebook\\u0022:true,\\u0022shareTwitter\\u0022:true,\\u0022sharePinterest\\u0022:true,\\u0022sliderItemDownload\\u0022:true,\\u0022shareCopyLink\\u0022:true,\\u0022sharePost\\u0022:\\u0022postlink\\u0022,\\u0022copyRProtection\\u0022:false,\\u0022copyRAlert\\u0022:\\u0022Hello, this photo is mine!\\u0022,\\u0022sliderScrollNavi\\u0022:false,\\u0022sliderFullSizeViewMode\\u0022:false,\\u0022sliderNextPrevAnimation\\u0022:\\u0022animation\\u0022,\\u0022galleryScrollPositionControll\\u0022:false,\\u0022sliderVideoAutoPlay\\u0022:false,\\u0022sliderVideoLoop\\u0022:false,\\u0022sliderItemCounterEnable\\u0022:true,\\u0022sliderCaptionSrc\\u0022:\\u0022caption\\u0022,\\u0022sliderItemTitleEnable\\u0022:false,\\u0022sliderItemTitleFontSize\\u0022:18,\\u0022sliderItemTitleTextColor\\u0022:\\u0022rgba(255,255,255,1)\\u0022,\\u0022itemCounterColor\\u0022:\\u0022rgba(255,255,255,1)\\u0022,\\u0022sliderThumbBarEnable\\u0022:true,\\u0022sliderThumbBarHoverColor\\u0022:\\u0022rgba(240,240,240,1)\\u0022,\\u0022sliderBgColor\\u0022:\\u0022rgba(0,0,0,0.8)\\u0022,\\u0022sliderPreloaderColor\\u0022:\\u0022rgba(240,240,240,1)\\u0022,\\u0022sliderHeaderFooterBgColor\\u0022:\\u0022rgba(0,0,0,0.4)\\u0022,\\u0022sliderNavigationColor\\u0022:\\u0022rgba(0,0,0,1)\\u0022,\\u0022sliderNavigationColorOver\\u0022:\\u0022rgba(255,255,255,1)\\u0022,\\u0022sliderNavigationIconColor\\u0022:\\u0022rgba(255,255,255,1)\\u0022,\\u0022sliderNavigationIconColorOver\\u0022:\\u0022rgba(0,0,0,1)\\u0022,\\u0022sliderSlideshow\\u0022:true,\\u0022sliderSlideshowDelay\\u0022:8,\\u0022slideshowIndicatorColor\\u0022:\\u0022rgba(255,255,255,1)\\u0022,\\u0022slideshowIndicatorColorBg\\u0022:\\u0022rgba(255,255,255,0.5)\\u0022,\\u0022sliderThumbSubMenuBackgroundColor\\u0022:\\u0022rgba(255,255,255,0)\\u0022,\\u0022sliderThumbSubMenuBackgroundColorOver\\u0022:\\u0022rgba(255,255,255,1)\\u0022,\\u0022sliderThumbSubMenuIconColor\\u0022:\\u0022rgba(255,255,255,1)\\u0022,\\u0022sliderThumbSubMenuIconHoverColor\\u0022:\\u0022rgba(0,0,0,1)\\u0022,\\u0022sliderSocialShareEnabled\\u0022:false,\\u0022sliderZoomEnable\\u0022:true,\\u0022sliderFullscreenEnabled\\u0022:true,\\u0022skin\\u0022:\\u0022justified\\u0022}\",\"useClobalSettings\":true,\"sharePost\":\"postlink\",\"sliderSocialShareEnabled\":false}<\/script><script>(function(){if(window.PGC_SGB && window.PGC_SGB.searcher){window.PGC_SGB.searcher.initBlocks()}})()<\/script><\/div>\n\n<h2 class=\"wp-block-heading\" id=\"historia-de-origen\">Historia de Origen<\/h2>\n\n\n<p>Los ancestros del pastor holand\u00e9s eran belgas. Holanda es la cuna de esta raza. La gente criaba al perro para pastorear ovejas. Durante mucho tiempo, el animal funcion\u00f3 s\u00f3lo como ayudante dom\u00e9stico.<\/p>\n\n\n\n<p>Muchos a\u00f1os despu\u00e9s, el Pastor Holand\u00e9s se ha convertido en el perro l\u00edder en todas las exposiciones. Esto se debi\u00f3 a la responsabilidad y la observaci\u00f3n. Estos rasgos de car\u00e1cter se encuentran en muchos perros pastores. En 1860, el Pastor Holand\u00e9s recibi\u00f3 el nombre oficial de la raza.<\/p>\n\n\n<h2 class=\"wp-block-heading\" id=\"apariencia\">Apariencia<\/h2>\n\n\n<p>La vida con esta raza puede ser dif\u00edcil debido a su tama\u00f1o. El Pastor Holand\u00e9s es un perro grande y robusto , la parte m\u00e1s fuerte del cuerpo del animal son sus patas. La altura de los perros macho es de aproximadamente 55-62 cm, perras &#8211; 50-60 cm. Peso Herder macho puede ser de hasta 30 kg. Las chicas son un poco m\u00e1s peque\u00f1as &#8211; hasta 25 kg.<\/p>\n\n\n\n<p>Los perros se dividen en tres tipos: de pelo corto, de pelo duro y de pelo largo. Se caracterizan por los siguientes colores: tigre con rayas doradas, tigre con rayas plateadas, marr\u00f3n dorado.<\/p>\n\n\n<h2 class=\"wp-block-heading\" id=\"personaje\">Personaje<\/h2>\n\n\n<p>El pastor holand\u00e9s es un perro brillante que rara vez ladra sin motivo. El animal es muy leal y querr\u00e1 a todos los miembros de la familia.<\/p>\n\n\n\n<p>Los propietarios que tienen ni\u00f1os pueden tener un pastor holand\u00e9s con total seguridad. El perro es muy paciente con los beb\u00e9s. Los miembros m\u00e1s j\u00f3venes de la familia pueden burlarse f\u00e1cilmente del animal. El pastor no muerde. Aunque es un perro guardi\u00e1n, ser\u00e1 un gran amigo.<\/p>\n\n\n<h2 class=\"wp-block-heading\" id=\"cuidado\">Cuidado<\/h2>\n\n\n<p>El perro pastor holand\u00e9s se diferencia de otros perros pastores por su piel sensible. A la hora de asearlo, hay que tenerlo en cuenta. Si tienes un perro de pelo largo, el peinado debe ser dos veces por semana.<\/p>\n\n\n\n<p>Con los perros de pelo corto, es mucho m\u00e1s c\u00f3modo. Para eliminar los pelos sueltos innecesarios, limpie al perro con una toalla h\u00fameda. Durante el periodo en que el perro no muda, no es necesario un cuidado especial.<\/p>\n\n\n<h2 class=\"wp-block-heading\" id=\"formacion\">Formaci\u00f3n<\/h2>\n\n\n<p>El propietario debe imponer su liderazgo desde los primeros d\u00edas de estancia del perro en el hogar. Esto ayudar\u00e1 a acelerar el proceso de crianza de un perro pastor. Para los cachorros, el aprendizaje de \u00f3rdenes se percibe como un juego. Todo el adiestramiento debe basarse en esto.<\/p>\n\n\n\n<p>Al igual que con cualquier otro perro, la agresi\u00f3n y el trato brusco est\u00e1n prohibidos. El animal percibe inmediatamente el estado de \u00e1nimo. En este caso, el trato duro no beneficiar\u00e1 al propietario. El perro no confiar\u00e1 en el l\u00edder durante mucho tiempo. Un rasgo negativo de esta raza es el resentimiento. La sensibilidad de los perros les ayuda a trabajar con personas ciegas. Son excelentes perros gu\u00eda. Si busca un guardaespaldas o un perro de guardia, el Pastor Holand\u00e9s har\u00e1 un excelente trabajo.<\/p>\n\n\n<h2 class=\"wp-block-heading\" id=\"enfermedades-comunes\">Enfermedades Comunes<\/h2>\n\n\n<p>Afortunadamente, el perro tiene una inmunidad perfecta. No hay enfermedades comunes, y la actividad f\u00edsica diaria s\u00f3lo fortalecer\u00e1 el cuerpo y la salud del pastor holand\u00e9s. Pero si notas que algo va mal en tu perro, acude al veterinario inmediatamente.<\/p>\n\n\n<h2 class=\"wp-block-heading\" id=\"nutricion\">Nutrici\u00f3n<\/h2>\n\n\n<p>El pastor holand\u00e9s no tiene pretensiones en cuanto a la alimentaci\u00f3n. El animal puede comer tanto comida seca como superalimentos. Pero la elecci\u00f3n sigue dependiendo del propietario.<\/p>\n\n\n\n<p>La alimentaci\u00f3n debe ser equilibrada, con suficientes vitaminas. Es m\u00e1s c\u00f3modo el alimento seco. Ya tiene todos los componentes necesarios para el animal. Si el propietario opta por la comida natural, entonces hay que incluir en la dieta fruta fresca y reques\u00f3n.<\/p>\n\n\n\n<p>El pastor holand\u00e9s necesita un acceso constante al agua.<\/p>\n\n\n\n","protected":false},"excerpt":{"rendered":"<p>El pastor holand\u00e9s es un perro brillante que rara vez ladra sin motivo. El animal es muy leal y querr\u00e1 a todos los miembros de la familia. Informaci\u00f3n de la Raza Otro Nombre Hollandse Herder, Dutch Shepherd Origen Pa\u00edses Bajos Altura Machos 55-62 cmHembras 50-60 cm Peso Machos 23-30 kgHembras 25-30 kg Pelo Lana larga, [&hellip;]<\/p>\n","protected":false},"author":2,"featured_media":1339,"comment_status":"open","ping_status":"open","sticky":false,"template":"","format":"standard","meta":{"_acf_changed":false,"inline_featured_image":false,"pgc_sgb_lightbox_settings":"","footnotes":""},"categories":[271],"tags":[243,250,222,244],"class_list":["post-726","post","type-post","status-publish","format-standard","has-post-thumbnail","hentry","category-razas-de-perros","tag-razas-de-perros-de-pelo-liso","tag-razas-de-perros-medianos","tag-razas-de-perros-pastores","tag-razas-de-perros-peludos"],"acf":[],"_links":{"self":[{"href":"https:\/\/fello.pet\/es\/wp-json\/wp\/v2\/posts\/726","targetHints":{"allow":["GET"]}}],"collection":[{"href":"https:\/\/fello.pet\/es\/wp-json\/wp\/v2\/posts"}],"about":[{"href":"https:\/\/fello.pet\/es\/wp-json\/wp\/v2\/types\/post"}],"author":[{"embeddable":true,"href":"https:\/\/fello.pet\/es\/wp-json\/wp\/v2\/users\/2"}],"replies":[{"embeddable":true,"href":"https:\/\/fello.pet\/es\/wp-json\/wp\/v2\/comments?post=726"}],"version-history":[{"count":3,"href":"https:\/\/fello.pet\/es\/wp-json\/wp\/v2\/posts\/726\/revisions"}],"predecessor-version":[{"id":1343,"href":"https:\/\/fello.pet\/es\/wp-json\/wp\/v2\/posts\/726\/revisions\/1343"}],"wp:featuredmedia":[{"embeddable":true,"href":"https:\/\/fello.pet\/es\/wp-json\/wp\/v2\/media\/1339"}],"wp:attachment":[{"href":"https:\/\/fello.pet\/es\/wp-json\/wp\/v2\/media?parent=726"}],"wp:term":[{"taxonomy":"category","embeddable":true,"href":"https:\/\/fello.pet\/es\/wp-json\/wp\/v2\/categories?post=726"},{"taxonomy":"post_tag","embeddable":true,"href":"https:\/\/fello.pet\/es\/wp-json\/wp\/v2\/tags?post=726"}],"curies":[{"name":"wp","href":"https:\/\/api.w.org\/{rel}","templated":true}]}}