
{"id":4993,"date":"2022-05-28T06:08:16","date_gmt":"2022-05-28T06:08:16","guid":{"rendered":"https:\/\/fello.pet\/?p=4993"},"modified":"2022-05-28T06:33:09","modified_gmt":"2022-05-28T06:33:09","slug":"perro-de-muestra-aleman-de-pelo-largo","status":"publish","type":"post","link":"https:\/\/fello.pet\/es\/perro-de-muestra-aleman-de-pelo-largo\/","title":{"rendered":"Perro de Muestra Alem\u00e1n de Pelo Largo"},"content":{"rendered":"\n<p><strong><em>El perro de muestra alem\u00e1n de pelo largo es un perro de car\u00e1cter equilibrado y de car\u00e1cter tranquilo. Se lleva bien con los ni\u00f1os y otros animales. A pesar de su amabilidad, Langhaar requiere una actitud respetuosa. Es importante que desde una edad temprana se establezcan los l\u00edmites de lo que es aceptable para un perro faldero. El perro de muestra alem\u00e1n de pelo largo es un perro muy comprensible, no insolente.<\/em><\/strong><\/p>\n\n\n\n<div class=\"wp-block-columns is-layout-flex wp-container-core-columns-is-layout-9d6595d7 wp-block-columns-is-layout-flex\">\n<div class=\"wp-block-column is-layout-flow wp-block-column-is-layout-flow\"><h2 class=\"simpletoc-title\">Tabla de \u0421ontenido<\/h2>\n<ul class=\"simpletoc-list\">\n<li><a href=\"#informacion-de-la-raza\">Informaci\u00f3n de la Raza<\/a>\n\n<\/li>\n<li><a href=\"#fotos-de-la-raza\">Fotos de la Raza<\/a>\n\n<\/li>\n<li><a href=\"#historia-de-origen\">Historia de Origen<\/a>\n\n<\/li>\n<li><a href=\"#apariencia\">Apariencia<\/a>\n\n<\/li>\n<li><a href=\"#personaje\">Personaje<\/a>\n\n<\/li>\n<li><a href=\"#cuidado\">Cuidado<\/a>\n\n<\/li>\n<li><a href=\"#formacion\">Formaci\u00f3n<\/a>\n\n<\/li>\n<li><a href=\"#enfermedades-comunes\">Enfermedades Comunes<\/a>\n\n<\/li>\n<li><a href=\"#nutricion\">Nutrici\u00f3n<\/a>\n<\/li><\/ul><\/div>\n\n\n\n<div class=\"wp-block-column is-layout-flow wp-block-column-is-layout-flow\"><h2 class=\"wp-block-heading\" id=\"informacion-de-la-raza\">Informaci\u00f3n de la Raza<\/h2>\n\n\n<figure class=\"wp-block-table alignleft\" style=\"font-size:18px\"><table class=\"has-fixed-layout\"><tbody><tr><td>Otro Nombre<\/td><td>Deutscher Langhaariger,<br>Langhaar<\/td><\/tr><tr><td>Origen<\/td><td>Alemania<\/td><\/tr><tr><td>Altura<\/td><td>Machos 60-70 cm<br>Hembras 58-66 cm<\/td><\/tr><tr><td>Peso<\/td><td>25-30 kg<\/td><\/tr><tr><td>Pelo<\/td><td>Largo<\/td><\/tr><tr><td>Color<\/td><td>Marr\u00f3n con vetas o blanco con manchas marrones gruesas<\/td><\/tr><tr><td>Esperanza de Vida<\/td><td>12-14 a\u00f1os<\/td><\/tr><tr><td>Clasificaci\u00f3n FCI<\/td><td>Perros de muestra<\/td><\/tr><tr><td>Grupo<\/td><td>Perros de caza, perros para ni\u00f1os, perros guardianes<\/td><\/tr><tr><td>Precio<\/td><td>$400-600<\/td><\/tr><\/tbody><\/table><\/figure>\n<\/div>\n<\/div>\n\n\n<h2 class=\"wp-block-heading\" id=\"fotos-de-la-raza\">Fotos de la Raza<\/h2>\n\n<div class=\"pgc-sgb-cb wp-block-pgcsimplygalleryblock-justified \" data-gallery-id=\"bac99202\"><div class=\"sgb-preloader\" id=\"pr_bac99202\">\n\t<div class=\"sgb-square\" style=\"background:#d4d4d4\"><\/div>\n\t<div class=\"sgb-square\" style=\"background:#d4d4d4\"><\/div>\n\t<div class=\"sgb-square\" style=\"background:#d4d4d4\"><\/div>\n\t<div class=\"sgb-square\" style=\"background:#d4d4d4\"><\/div><\/div><div class=\"simply-gallery-amp pgc_sgb_slider \"><noscript><div class=\"sgb-gallery\"><div class=\"sgb-item\"><a href=\"https:\/\/fello.pet\/?attachment_id=4984#main\" target=\"_blank\"><img decoding=\"async\" alt=\"German Longhaired Pointer\" width=\"512\" height=\"333\" loading=\"lazy\" src=\"https:\/\/fello.pet\/wp-content\/uploads\/2022\/05\/German-Longhaired-Pointer-1.jpg\" srcset=\",https:\/\/fello.pet\/wp-content\/uploads\/2022\/05\/German-Longhaired-Pointer-1.jpg 512w\" sizes=\"auto, 250px\"\/><\/a><\/div><div class=\"sgb-item\"><a href=\"https:\/\/fello.pet\/?attachment_id=4988#main\" target=\"_blank\"><img decoding=\"async\" alt=\"German Longhaired Pointer\" width=\"267\" height=\"400\" loading=\"lazy\" src=\"https:\/\/fello.pet\/wp-content\/uploads\/2022\/05\/German-Longhaired-Pointer-3-267x400.jpg\" srcset=\"https:\/\/fello.pet\/wp-content\/uploads\/2022\/05\/German-Longhaired-Pointer-3-267x400.jpg 267w,https:\/\/fello.pet\/wp-content\/uploads\/2022\/05\/German-Longhaired-Pointer-3.jpg 500w\" sizes=\"auto, 250px\"\/><\/a><\/div><div class=\"sgb-item\"><a href=\"https:\/\/fello.pet\/?attachment_id=4986#main\" target=\"_blank\"><img decoding=\"async\" alt=\"German Longhaired Pointer\" width=\"296\" height=\"400\" loading=\"lazy\" src=\"https:\/\/fello.pet\/wp-content\/uploads\/2022\/05\/German-Longhaired-Pointer-4-296x400.jpg\" srcset=\"https:\/\/fello.pet\/wp-content\/uploads\/2022\/05\/German-Longhaired-Pointer-4-296x400.jpg 296w,https:\/\/fello.pet\/wp-content\/uploads\/2022\/05\/German-Longhaired-Pointer-4.jpg 462w\" sizes=\"auto, 250px\"\/><\/a><\/div><div class=\"sgb-item\"><a href=\"https:\/\/fello.pet\/?attachment_id=4990#main\" target=\"_blank\"><img decoding=\"async\" alt=\"German Longhaired Pointer\" width=\"600\" height=\"400\" loading=\"lazy\" src=\"https:\/\/fello.pet\/wp-content\/uploads\/2022\/05\/German-Longhaired-Pointer-2-600x400.jpg\" srcset=\"https:\/\/fello.pet\/wp-content\/uploads\/2022\/05\/German-Longhaired-Pointer-2-600x400.jpg 600w,https:\/\/fello.pet\/wp-content\/uploads\/2022\/05\/German-Longhaired-Pointer-2-1200x800.jpg 1200w,https:\/\/fello.pet\/wp-content\/uploads\/2022\/05\/German-Longhaired-Pointer-2.jpg 1920w\" sizes=\"auto, 250px\"\/><\/a><\/div><\/div><\/noscript><\/div><script type=\"application\/json\" class=\"sgb-data\">{\"lastRowFill\":true,\"collectionThumbRecomendedHeight\":300,\"collectionThumbMiniScreenScale\":true,\"externalLink\":false,\"collectionThumbSubMenuDownload\":false,\"collectionThumbSubMenuShare\":false,\"galleryType\":\"pgc_sgb_justified\",\"galleryId\":\"bac99202\",\"images\":[{\"id\":4984,\"title\":\"German Longhaired Pointer\",\"url\":\"https:\/\/fello.pet\/wp-content\/uploads\/2022\/05\/German-Longhaired-Pointer-1.jpg\",\"link\":\"https:\/\/fello.pet\/?attachment_id=4984#main\",\"alt\":\"German Longhaired Pointer\",\"description\":\"\",\"caption\":\"\",\"mime\":\"image\/jpeg\",\"type\":\"image\",\"width\":512,\"height\":333,\"sizes\":{\"thumbnail\":{\"url\":\"https:\/\/fello.pet\/wp-content\/uploads\/2022\/05\/German-Longhaired-Pointer-1-280x280.jpg\",\"height\":280,\"width\":280,\"orientation\":\"landscape\"},\"full\":{\"url\":\"https:\/\/fello.pet\/wp-content\/uploads\/2022\/05\/German-Longhaired-Pointer-1.jpg\",\"height\":333,\"width\":512,\"orientation\":\"landscape\"}},\"meta\":false,\"postlink\":\"https:\/\/fello.pet\/?attachment_id=4984#main\"},{\"id\":4988,\"title\":\"German Longhaired Pointer\",\"url\":\"https:\/\/fello.pet\/wp-content\/uploads\/2022\/05\/German-Longhaired-Pointer-3.jpg\",\"link\":\"https:\/\/fello.pet\/?attachment_id=4988#main\",\"alt\":\"German Longhaired Pointer\",\"description\":\"\",\"caption\":\"\",\"mime\":\"image\/jpeg\",\"type\":\"image\",\"width\":500,\"height\":750,\"sizes\":{\"thumbnail\":{\"url\":\"https:\/\/fello.pet\/wp-content\/uploads\/2022\/05\/German-Longhaired-Pointer-3-280x280.jpg\",\"height\":280,\"width\":280,\"orientation\":\"landscape\"},\"medium\":{\"url\":\"https:\/\/fello.pet\/wp-content\/uploads\/2022\/05\/German-Longhaired-Pointer-3-267x400.jpg\",\"height\":400,\"width\":267,\"orientation\":\"portrait\"},\"full\":{\"url\":\"https:\/\/fello.pet\/wp-content\/uploads\/2022\/05\/German-Longhaired-Pointer-3.jpg\",\"height\":750,\"width\":500,\"orientation\":\"portrait\"}},\"meta\":false,\"postlink\":\"https:\/\/fello.pet\/?attachment_id=4988#main\"},{\"id\":4986,\"title\":\"German Longhaired Pointer\",\"url\":\"https:\/\/fello.pet\/wp-content\/uploads\/2022\/05\/German-Longhaired-Pointer-4.jpg\",\"link\":\"https:\/\/fello.pet\/?attachment_id=4986#main\",\"alt\":\"German Longhaired Pointer\",\"description\":\"\",\"caption\":\"\",\"mime\":\"image\/jpeg\",\"type\":\"image\",\"width\":462,\"height\":624,\"sizes\":{\"thumbnail\":{\"url\":\"https:\/\/fello.pet\/wp-content\/uploads\/2022\/05\/German-Longhaired-Pointer-4-280x280.jpg\",\"height\":280,\"width\":280,\"orientation\":\"landscape\"},\"medium\":{\"url\":\"https:\/\/fello.pet\/wp-content\/uploads\/2022\/05\/German-Longhaired-Pointer-4-296x400.jpg\",\"height\":400,\"width\":296,\"orientation\":\"portrait\"},\"full\":{\"url\":\"https:\/\/fello.pet\/wp-content\/uploads\/2022\/05\/German-Longhaired-Pointer-4.jpg\",\"height\":624,\"width\":462,\"orientation\":\"portrait\"}},\"meta\":false,\"postlink\":\"https:\/\/fello.pet\/?attachment_id=4986#main\"},{\"id\":4990,\"title\":\"German Longhaired Pointer\",\"url\":\"https:\/\/fello.pet\/wp-content\/uploads\/2022\/05\/German-Longhaired-Pointer-2.jpg\",\"link\":\"https:\/\/fello.pet\/?attachment_id=4990#main\",\"alt\":\"German Longhaired Pointer\",\"description\":\"\",\"caption\":\"\",\"mime\":\"image\/jpeg\",\"type\":\"image\",\"width\":1920,\"height\":1280,\"sizes\":{\"thumbnail\":{\"url\":\"https:\/\/fello.pet\/wp-content\/uploads\/2022\/05\/German-Longhaired-Pointer-2-280x280.jpg\",\"height\":280,\"width\":280,\"orientation\":\"landscape\"},\"medium\":{\"url\":\"https:\/\/fello.pet\/wp-content\/uploads\/2022\/05\/German-Longhaired-Pointer-2-600x400.jpg\",\"height\":400,\"width\":600,\"orientation\":\"landscape\"},\"large\":{\"url\":\"https:\/\/fello.pet\/wp-content\/uploads\/2022\/05\/German-Longhaired-Pointer-2-1200x800.jpg\",\"height\":800,\"width\":1200,\"orientation\":\"landscape\"},\"full\":{\"url\":\"https:\/\/fello.pet\/wp-content\/uploads\/2022\/05\/German-Longhaired-Pointer-2.jpg\",\"height\":1280,\"width\":1920,\"orientation\":\"landscape\"}},\"meta\":false,\"postlink\":\"https:\/\/fello.pet\/?attachment_id=4990#main\"}],\"itemsMetaDataCollection\":[],\"galleryData\":\"{\\u0022pageMode\\u0022:false,\\u0022lastRowFill\\u0022:true,\\u0022collectionThumbRecomendedHeight\\u0022:300,\\u0022collectionThumbMiniScreenScale\\u0022:true,\\u0022thumbSpacing\\u0022:5,\\u0022thumbMobileSpacing\\u0022:5,\\u0022externalLink\\u0022:false,\\u0022externalLinkDefName\\u0022:\\u0022Read More\\u0022,\\u0022externalLinkTextColor\\u0022:\\u0022rgba(0,0,0,1)\\u0022,\\u0022externalLinkBgColor\\u0022:\\u0022rgba(255,255,255,1)\\u0022,\\u0022externalLinkFontSize\\u0022:18,\\u0022captions\\u0022:true,\\u0022captionSrc\\u0022:\\u0022caption\\u0022,\\u0022captionHAlign\\u0022:\\u0022top\\u0022,\\u0022collectionthumbHoverTitleFontSize\\u0022:18,\\u0022collectionthumbRoundedCorners\\u0022:0,\\u0022collectionthumbHoverTitleTextColor\\u0022:\\u0022rgba(255,255,255,1)\\u0022,\\u0022collectionthumbHoverTitleTextBgColor\\u0022:\\u0022rgba(0,0,0,0.8)\\u0022,\\u0022collectionthumbHoverBgColor\\u0022:\\u0022rgba(0,0,0,0.4)\\u0022,\\u0022collectionThumbSubMenuDownload\\u0022:false,\\u0022collectionThumbSubMenuShare\\u0022:false,\\u0022collectionThumbSubMenuBgColor\\u0022:\\u0022rgba(0,0,0,0.4)\\u0022,\\u0022collectionThumbSubMenuBgColorHover\\u0022:\\u0022rgba(255,255,255,1)\\u0022,\\u0022collectionThumbSubMenuIconColor\\u0022:\\u0022rgba(255,255,255,1)\\u0022,\\u0022collectionThumbSubMenuIconColorHover\\u0022:\\u0022rgba(0,0,0,1)\\u0022,\\u0022settingsModalIsOpen\\u0022:false,\\u0022galleryType\\u0022:\\u0022pgc_sgb_justified\\u0022,\\u0022align\\u0022:\\u0022\\u0022,\\u0022galleryId\\u0022:\\u0022bac99202\\u0022,\\u0022tagsListCustomMode\\u0022:false,\\u0022initGalleryByFirstTag\\u0022:false,\\u0022deepLinkingForTag\\u0022:false,\\u0022galleryTagsList\\u0022:[],\\u0022useClobalSettings\\u0022:true,\\u0022orderBy\\u0022:\\u0022custom\\u0022,\\u0022deepLinking\\u0022:false,\\u0022useLightbox\\u0022:true,\\u0022thumbClickAction\\u0022:\\u0022useLightbox\\u0022,\\u0022numItemsDisplayed\\u0022:0,\\u0022lazyLoading\\u0022:true,\\u0022contentNoPadding\\u0022:false,\\u0022galleryPreloaderColor\\u0022:\\u0022rgba(230,230,230,1)\\u0022,\\u0022galleryBgColor\\u0022:\\u0022rgba(0,0,0,0)\\u0022,\\u0022galleryBorderRadius\\u0022:0,\\u0022customCSS\\u0022:\\u0022\\u0022,\\u0022itemsPerPage\\u0022:20,\\u0022loadMoreDefName\\u0022:\\u0022Load More\\u0022,\\u0022loadMoreFontSize\\u0022:16,\\u0022loadMoreTextColor\\u0022:\\u0022rgba(255,255,255,1)\\u0022,\\u0022loadMoreBgColor\\u0022:\\u0022rgba(0,0,0,1)\\u0022,\\u0022tagsFilter\\u0022:false,\\u0022tagCloudAll\\u0022:\\u0022All\\u0022,\\u0022tagCloudBgColor\\u0022:\\u0022rgba(153,153,153,1)\\u0022,\\u0022tagCloudBgColorOver\\u0022:\\u0022rgba(253,253,253,1)\\u0022,\\u0022tagCloudTextColor\\u0022:\\u0022rgba(253,253,253,1)\\u0022,\\u0022tagCloudTextColorOver\\u0022:\\u0022rgba(153,153,153,1)\\u0022,\\u0022tagCloudFontSize\\u0022:16,\\u0022modaBgColor\\u0022:\\u0022rgba(0,0,0,0.8)\\u0022,\\u0022modalIconColor\\u0022:\\u0022rgba(255,255,255,1)\\u0022,\\u0022modalIconColorHover\\u0022:\\u0022rgba(255,255,255,0.8)\\u0022,\\u0022shareFacebook\\u0022:true,\\u0022shareTwitter\\u0022:true,\\u0022sharePinterest\\u0022:true,\\u0022sliderItemDownload\\u0022:true,\\u0022shareCopyLink\\u0022:true,\\u0022sharePost\\u0022:\\u0022postlink\\u0022,\\u0022copyRProtection\\u0022:false,\\u0022copyRAlert\\u0022:\\u0022Hello, this photo is mine!\\u0022,\\u0022sliderScrollNavi\\u0022:false,\\u0022sliderFullSizeViewMode\\u0022:false,\\u0022sliderNextPrevAnimation\\u0022:\\u0022animation\\u0022,\\u0022galleryScrollPositionControll\\u0022:false,\\u0022sliderVideoAutoPlay\\u0022:false,\\u0022sliderTryPlayNext\\u0022:false,\\u0022sliderVideoLoop\\u0022:false,\\u0022sliderItemCounterEnable\\u0022:true,\\u0022sliderCaptionSrc\\u0022:\\u0022caption\\u0022,\\u0022sliderItemTitleEnable\\u0022:false,\\u0022sliderItemTitleFontSize\\u0022:18,\\u0022sliderItemTitleTextColor\\u0022:\\u0022rgba(255,255,255,1)\\u0022,\\u0022itemCounterColor\\u0022:\\u0022rgba(255,255,255,1)\\u0022,\\u0022sliderThumbBarEnable\\u0022:true,\\u0022sliderThumbBarHoverColor\\u0022:\\u0022rgba(240,240,240,1)\\u0022,\\u0022sliderBgColor\\u0022:\\u0022rgba(0,0,0,0.8)\\u0022,\\u0022sliderPreloaderColor\\u0022:\\u0022rgba(240,240,240,1)\\u0022,\\u0022sliderHeaderFooterBgColor\\u0022:\\u0022rgba(0,0,0,0.4)\\u0022,\\u0022sliderNavigationColor\\u0022:\\u0022rgba(0,0,0,1)\\u0022,\\u0022sliderNavigationColorOver\\u0022:\\u0022rgba(255,255,255,1)\\u0022,\\u0022sliderNavigationIconColor\\u0022:\\u0022rgba(255,255,255,1)\\u0022,\\u0022sliderNavigationIconColorOver\\u0022:\\u0022rgba(0,0,0,1)\\u0022,\\u0022sliderSlideshow\\u0022:true,\\u0022sliderSlideshowDelay\\u0022:8,\\u0022slideshowIndicatorColor\\u0022:\\u0022rgba(255,255,255,1)\\u0022,\\u0022slideshowIndicatorColorBg\\u0022:\\u0022rgba(255,255,255,0.5)\\u0022,\\u0022sliderThumbSubMenuBackgroundColor\\u0022:\\u0022rgba(255,255,255,0)\\u0022,\\u0022sliderThumbSubMenuBackgroundColorOver\\u0022:\\u0022rgba(255,255,255,1)\\u0022,\\u0022sliderThumbSubMenuIconColor\\u0022:\\u0022rgba(255,255,255,1)\\u0022,\\u0022sliderThumbSubMenuIconHoverColor\\u0022:\\u0022rgba(0,0,0,1)\\u0022,\\u0022sliderSocialShareEnabled\\u0022:false,\\u0022sliderZoomEnable\\u0022:true,\\u0022sliderFullscreenEnabled\\u0022:true,\\u0022skin\\u0022:\\u0022justified\\u0022}\",\"useClobalSettings\":true,\"sharePost\":\"postlink\",\"sliderSocialShareEnabled\":false}<\/script><script>(function(){if(window.PGC_SGB && window.PGC_SGB.searcher){window.PGC_SGB.searcher.initBlocks()}})()<\/script><\/div>\n\n<h2 class=\"wp-block-heading\" id=\"historia-de-origen\">Historia de Origen<\/h2>\n\n\n<p>Alemania es el pa\u00eds de origen hist\u00f3rico de estos perros de caza. La raza pura fue criada en 1879, y los primeros rasgos caracter\u00edsticos del perro de muestra alem\u00e1n de pelo largo aparecieron en 1877. Los perros ten\u00edan originalmente aspecto de oso. Eran de complexi\u00f3n fuerte, con patas poderosas, y se distingu\u00edan por un temperamento afilado. M\u00e1s tarde se cruzaron con setter-gordon y setter irland\u00e9s. Como resultado, los Langhaars adquirieron un aspecto gr\u00e1cil y elegante. Hoy en d\u00eda, el sabueso es popular en Alemania y otros pa\u00edses europeos para la caza mayor y menor. La Federaci\u00f3n Cinol\u00f3gica Internacional reconoci\u00f3 la raza en 1954.<\/p>\n\n\n<h2 class=\"wp-block-heading\" id=\"apariencia\">Apariencia<\/h2>\n\n\n<p>El perro de muestra alem\u00e1n de pelo largo es un perro de constituci\u00f3n musculosa. El cuello de los representantes de la raza es alto; hay una transici\u00f3n suave hacia un pecho ancho y profundo. El pelaje es largo y espeso. El color del perro de muestra alem\u00e1n de pelo largo puede ser marr\u00f3n con vetas grises o blanco, pero con gruesas manchas marrones.<\/p>\n\n\n\n<p>El lomo del perro es recto y las patas son de longitud media. Debido a esta constituci\u00f3n corporal, Langhaar destaca en las tareas de caza. La cola es recta y el lomo es convexo. La espalda es corta; la cruz es notable. Las orejas del animal son anchas, cubiertas de largas hebras. El l\u00f3bulo de la nariz es de color marr\u00f3n oscuro. Los ojos son marrones y expresan devoci\u00f3n.<\/p>\n\n\n<h2 class=\"wp-block-heading\" id=\"personaje\">Personaje<\/h2>\n\n\n<p>El perro de muestra alem\u00e1n de pelo largo es un perro de car\u00e1cter equilibrado y de car\u00e1cter tranquilo. Se lleva bien con los ni\u00f1os y otros animales. A pesar de su amabilidad, Langhaar requiere una actitud respetuosa. Es importante que desde una edad temprana se establezcan los l\u00edmites de lo que es aceptable para un perro faldero. El perro de muestra alem\u00e1n de pelo largo es un perro muy comprensible, no insolente.<\/p>\n\n\n\n<p>Los representantes de la raza se apegan r\u00e1pidamente al propietario y a los miembros de la familia. El perro de aguas alem\u00e1n desconf\u00eda de los extra\u00f1os y es sospechoso en entornos desconocidos. Prep\u00e1rese para el hecho de que la mascota olfatear\u00e1 todo en el nuevo lugar. A los perros de muestra alemanes de pelo largo les resulta dif\u00edcil separarse de la familia, as\u00ed que no deje a su mascota sola durante mucho tiempo.<\/p>\n\n\n<h2 class=\"wp-block-heading\" id=\"cuidado\">Cuidado<\/h2>\n\n\n<p>Mantenerla en un apartamento no es la mejor opci\u00f3n para la Spaniel Alemana. Su energ\u00eda debe dirigirse diariamente a los paseos y al adiestramiento. En las condiciones de la ciudad, no hay suficiente espacio para que el perro se sienta c\u00f3modo. La mejor variante de mantener un Langhaar es una casa de campo cerca de una plantaci\u00f3n o un bosque.<\/p>\n\n\n\n<p>El pelaje del perro necesita un cepillado regular. Si dejas que tu mascota entre en casa por la noche, debes ba\u00f1arlo una vez a la semana. Es necesario para eliminar los olores desagradables. Inspeccione los ojos y las orejas de su mascota y elimine la suciedad a tiempo. Consigue un cepillo de dientes especial para mascotas de cuatro patas o golosinas para la higiene bucal. As\u00ed evitar\u00e1s que salga mal aliento de su boca.<\/p>\n\n\n<h2 class=\"wp-block-heading\" id=\"formacion\">Formaci\u00f3n<\/h2>\n\n\n<p>El perro de muestra alem\u00e1n de pelo largo es un perro inteligente con gran capacidad de aprendizaje. Son obedientes y siempre tratan de complacer a sus due\u00f1os. Es una gran ventaja durante el adiestramiento. Empiece con tareas sencillas, como la cancelaci\u00f3n o las \u00f3rdenes b\u00e1sicas.<\/p>\n\n\n\n<p>No se olvide de la actividad f\u00edsica diaria; es necesaria para mantener el cuerpo del animal en forma. No levante la voz a un perro de aguas alem\u00e1n, ni utilice la fuerza bruta. Al contrario, anime a su perro a obedecer las \u00f3rdenes, lo que constituye un excelente incentivo para la obediencia. No olvide la socializaci\u00f3n temprana de su perro.<\/p>\n\n\n<h2 class=\"wp-block-heading\" id=\"enfermedades-comunes\">Enfermedades Comunes<\/h2>\n\n\n<p>El perro de muestra alem\u00e1n de pelo largo es un perro con una buena longevidad y un sistema inmunitario fuerte. Pero para prevenir enfermedades, hay que vigilar el estado del perro y, en caso de mala salud, consultar al veterinario. Las siguientes dolencias son comunes a los miembros de esta raza:<\/p>\n\n\n\n<ul class=\"wp-block-list\"><li>displasia de cadera;<\/li><li>insuficiencia hep\u00e1tica;<\/li><li>enfermedades de los ojos y los o\u00eddos;<\/li><li>bursitis.<\/li><\/ul>\n\n\n<h2 class=\"wp-block-heading\" id=\"nutricion\">Nutrici\u00f3n<\/h2>\n\n\n<p>Una dieta correctamente formulada es una parte importante del bienestar de una mascota. Puedes comprar comida preparada; tiene todos los microelementos necesarios. Si decides dar a tu perro comida natural, la fruta y la verdura deben estar presentes en su dieta. Dale a tu perro papillas, l\u00e1cteos y alimentos fermentados, carne y subproductos. No olvides el agua fresca en el bebedero de tu perro.<\/p>\n\n\n\n","protected":false},"excerpt":{"rendered":"<p>El perro de muestra alem\u00e1n de pelo largo es un perro de car\u00e1cter equilibrado y de car\u00e1cter tranquilo. Se lleva bien con los ni\u00f1os y otros animales. A pesar de su amabilidad, Langhaar requiere una actitud respetuosa. Es importante que desde una edad temprana se establezcan los l\u00edmites de lo que es aceptable para un [&hellip;]<\/p>\n","protected":false},"author":2,"featured_media":4985,"comment_status":"open","ping_status":"open","sticky":false,"template":"","format":"standard","meta":{"_acf_changed":false,"inline_featured_image":false,"pgc_sgb_lightbox_settings":"","footnotes":""},"categories":[271],"tags":[224,229,230],"class_list":["post-4993","post","type-post","status-publish","format-standard","has-post-thumbnail","hentry","category-razas-de-perros","tag-razas-de-perros-de-caza","tag-razas-de-perros-para-apartamentos","tag-razas-de-perros-para-familias"],"acf":[],"_links":{"self":[{"href":"https:\/\/fello.pet\/es\/wp-json\/wp\/v2\/posts\/4993","targetHints":{"allow":["GET"]}}],"collection":[{"href":"https:\/\/fello.pet\/es\/wp-json\/wp\/v2\/posts"}],"about":[{"href":"https:\/\/fello.pet\/es\/wp-json\/wp\/v2\/types\/post"}],"author":[{"embeddable":true,"href":"https:\/\/fello.pet\/es\/wp-json\/wp\/v2\/users\/2"}],"replies":[{"embeddable":true,"href":"https:\/\/fello.pet\/es\/wp-json\/wp\/v2\/comments?post=4993"}],"version-history":[{"count":1,"href":"https:\/\/fello.pet\/es\/wp-json\/wp\/v2\/posts\/4993\/revisions"}],"predecessor-version":[{"id":4994,"href":"https:\/\/fello.pet\/es\/wp-json\/wp\/v2\/posts\/4993\/revisions\/4994"}],"wp:featuredmedia":[{"embeddable":true,"href":"https:\/\/fello.pet\/es\/wp-json\/wp\/v2\/media\/4985"}],"wp:attachment":[{"href":"https:\/\/fello.pet\/es\/wp-json\/wp\/v2\/media?parent=4993"}],"wp:term":[{"taxonomy":"category","embeddable":true,"href":"https:\/\/fello.pet\/es\/wp-json\/wp\/v2\/categories?post=4993"},{"taxonomy":"post_tag","embeddable":true,"href":"https:\/\/fello.pet\/es\/wp-json\/wp\/v2\/tags?post=4993"}],"curies":[{"name":"wp","href":"https:\/\/api.w.org\/{rel}","templated":true}]}}