
{"id":4754,"date":"2022-05-24T14:04:48","date_gmt":"2022-05-24T14:04:48","guid":{"rendered":"https:\/\/fello.pet\/?p=4754"},"modified":"2022-05-24T14:11:29","modified_gmt":"2022-05-24T14:11:29","slug":"braco-aleman-de-pelo-duro","status":"publish","type":"post","link":"https:\/\/fello.pet\/es\/braco-aleman-de-pelo-duro\/","title":{"rendered":"Braco Alem\u00e1n de Pelo Duro"},"content":{"rendered":"\n<p><strong><em>Los bracos alem\u00e1nes de pelo duro son conocidos como compa\u00f1eros de caza. Sin embargo, cabe destacar que no fueron criados \u00fanicamente por sus habilidades de caza. El perro de caza antip\u00e1tico y desleal nunca ha \u00abllegado lejos\u00bb en su carrera. A veces pueden mantenerse alejados de los extra\u00f1os hasta que se acostumbren a ellos. Est\u00e1n contentos de pasar tiempo con sus due\u00f1os, acompa\u00f1\u00e1ndolos en sus actividades diarias.<\/em><\/strong><\/p>\n\n\n\n<div class=\"wp-block-columns is-layout-flex wp-container-core-columns-is-layout-9d6595d7 wp-block-columns-is-layout-flex\">\n<div class=\"wp-block-column is-layout-flow wp-block-column-is-layout-flow\"><h2 class=\"simpletoc-title\">Tabla de \u0421ontenido<\/h2>\n<ul class=\"simpletoc-list\">\n<li><a href=\"#informacion-de-la-raza\">Informaci\u00f3n de la Raza<\/a>\n\n<\/li>\n<li><a href=\"#fotos-de-la-raza\">Fotos de la Raza<\/a>\n\n<\/li>\n<li><a href=\"#historia-de-origen\">Historia de Origen<\/a>\n\n<\/li>\n<li><a href=\"#apariencia\">Apariencia<\/a>\n\n<\/li>\n<li><a href=\"#personaje\">Personaje<\/a>\n\n<\/li>\n<li><a href=\"#cuidado\">Cuidado<\/a>\n\n<\/li>\n<li><a href=\"#formacion\">Formaci\u00f3n<\/a>\n\n<\/li>\n<li><a href=\"#enfermedades-comunes\">Enfermedades Comunes<\/a>\n\n<\/li>\n<li><a href=\"#nutricion\">Nutrici\u00f3n<\/a>\n<\/li><\/ul><\/div>\n\n\n\n<div class=\"wp-block-column is-layout-flow wp-block-column-is-layout-flow\"><h2 class=\"wp-block-heading\" id=\"informacion-de-la-raza\">Informaci\u00f3n de la Raza<\/h2>\n\n\n<figure class=\"wp-block-table alignleft\" style=\"font-size:18px\"><table class=\"has-fixed-layout\"><tbody><tr><td>Otro Nombre<\/td><td>Drahthaar<\/td><\/tr><tr><td>Origen<\/td><td>Alemania<\/td><\/tr><tr><td>Altura<\/td><td>Machos 60-67 cm<br>Hembras 56-62 cm<\/td><\/tr><tr><td>Peso<\/td><td>Machos 25-34 kg<br>Hembras 20-29 kg<\/td><\/tr><tr><td>Pelo<\/td><td>Corto, r\u00edgido, erizado<\/td><\/tr><tr><td>Color<\/td><td>Marr\u00f3n, blanco y negro, negro, marr\u00f3n y blanco, y otras combinaciones<\/td><\/tr><tr><td>Esperanza de Vida<\/td><td>12-14 a\u00f1os<\/td><\/tr><tr><td>Clasificaci\u00f3n FCI<\/td><td>Perros de muestra<\/td><\/tr><tr><td>Grupo<\/td><td>Perros de seguridad, perros de protecci\u00f3n, perros de caza, perros para ni\u00f1os<\/td><\/tr><tr><td>Precio<\/td><td>Desde $200<\/td><\/tr><\/tbody><\/table><\/figure>\n<\/div>\n<\/div>\n\n\n<h2 class=\"wp-block-heading\" id=\"fotos-de-la-raza\">Fotos de la Raza<\/h2>\n\n<div class=\"pgc-sgb-cb wp-block-pgcsimplygalleryblock-justified \" data-gallery-id=\"b3f95920\"><div class=\"sgb-preloader\" id=\"pr_b3f95920\">\n\t<div class=\"sgb-square\" style=\"background:#d4d4d4\"><\/div>\n\t<div class=\"sgb-square\" style=\"background:#d4d4d4\"><\/div>\n\t<div class=\"sgb-square\" style=\"background:#d4d4d4\"><\/div>\n\t<div class=\"sgb-square\" style=\"background:#d4d4d4\"><\/div><\/div><div class=\"simply-gallery-amp pgc_sgb_slider \"><noscript><div class=\"sgb-gallery\"><div class=\"sgb-item\"><a href=\"https:\/\/fello.pet\/?attachment_id=4750#main\" target=\"_blank\"><img decoding=\"async\" alt=\"German Wirehaired Pointer\" width=\"683\" height=\"400\" loading=\"lazy\" src=\"https:\/\/fello.pet\/wp-content\/uploads\/2022\/05\/German-Wirehaired-Pointer-1-683x400.jpg\" srcset=\"https:\/\/fello.pet\/wp-content\/uploads\/2022\/05\/German-Wirehaired-Pointer-1-683x400.jpg 683w,https:\/\/fello.pet\/wp-content\/uploads\/2022\/05\/German-Wirehaired-Pointer-1.jpg 1024w\" sizes=\"auto, 250px\"\/><\/a><\/div><div class=\"sgb-item\"><a href=\"https:\/\/fello.pet\/?attachment_id=4746#main\" target=\"_blank\"><img decoding=\"async\" alt=\"German Wirehaired Pointer\" width=\"286\" height=\"400\" loading=\"lazy\" src=\"https:\/\/fello.pet\/wp-content\/uploads\/2022\/05\/German-Wirehaired-Pointer-4-286x400.jpg\" srcset=\"https:\/\/fello.pet\/wp-content\/uploads\/2022\/05\/German-Wirehaired-Pointer-4-286x400.jpg 286w,https:\/\/fello.pet\/wp-content\/uploads\/2022\/05\/German-Wirehaired-Pointer-4.jpg 564w\" sizes=\"auto, 250px\"\/><\/a><\/div><div class=\"sgb-item\"><a href=\"https:\/\/fello.pet\/?attachment_id=4744#main\" target=\"_blank\"><img decoding=\"async\" alt=\"German Wirehaired Pointer\" width=\"354\" height=\"400\" loading=\"lazy\" src=\"https:\/\/fello.pet\/wp-content\/uploads\/2022\/05\/German-Wirehaired-Pointer-2-354x400.jpg\" srcset=\"https:\/\/fello.pet\/wp-content\/uploads\/2022\/05\/German-Wirehaired-Pointer-2-354x400.jpg 354w,https:\/\/fello.pet\/wp-content\/uploads\/2022\/05\/German-Wirehaired-Pointer-2-709x800.jpg 709w,https:\/\/fello.pet\/wp-content\/uploads\/2022\/05\/German-Wirehaired-Pointer-2.jpg 776w\" sizes=\"auto, 250px\"\/><\/a><\/div><div class=\"sgb-item\"><a href=\"https:\/\/fello.pet\/?attachment_id=4748#main\" target=\"_blank\"><img decoding=\"async\" alt=\"German Wirehaired Pointer\" width=\"507\" height=\"400\" loading=\"lazy\" src=\"https:\/\/fello.pet\/wp-content\/uploads\/2022\/05\/German-Wirehaired-Pointer-3-507x400.jpg\" srcset=\"https:\/\/fello.pet\/wp-content\/uploads\/2022\/05\/German-Wirehaired-Pointer-3-507x400.jpg 507w,https:\/\/fello.pet\/wp-content\/uploads\/2022\/05\/German-Wirehaired-Pointer-3.jpg 563w\" sizes=\"auto, 250px\"\/><\/a><\/div><\/div><\/noscript><\/div><script type=\"application\/json\" class=\"sgb-data\">{\"lastRowFill\":true,\"collectionThumbRecomendedHeight\":300,\"collectionThumbMiniScreenScale\":true,\"externalLink\":false,\"collectionThumbSubMenuDownload\":false,\"collectionThumbSubMenuShare\":false,\"galleryType\":\"pgc_sgb_justified\",\"galleryId\":\"b3f95920\",\"images\":[{\"id\":4750,\"title\":\"German Wirehaired Pointer\",\"url\":\"https:\/\/fello.pet\/wp-content\/uploads\/2022\/05\/German-Wirehaired-Pointer-1.jpg\",\"link\":\"https:\/\/fello.pet\/?attachment_id=4750#main\",\"alt\":\"German Wirehaired Pointer\",\"description\":\"\",\"caption\":\"\",\"mime\":\"image\/jpeg\",\"type\":\"image\",\"width\":1024,\"height\":600,\"sizes\":{\"thumbnail\":{\"url\":\"https:\/\/fello.pet\/wp-content\/uploads\/2022\/05\/German-Wirehaired-Pointer-1-280x280.jpg\",\"height\":280,\"width\":280,\"orientation\":\"landscape\"},\"medium\":{\"url\":\"https:\/\/fello.pet\/wp-content\/uploads\/2022\/05\/German-Wirehaired-Pointer-1-683x400.jpg\",\"height\":400,\"width\":683,\"orientation\":\"landscape\"},\"full\":{\"url\":\"https:\/\/fello.pet\/wp-content\/uploads\/2022\/05\/German-Wirehaired-Pointer-1.jpg\",\"height\":600,\"width\":1024,\"orientation\":\"landscape\"}},\"meta\":false,\"postlink\":\"https:\/\/fello.pet\/?attachment_id=4750#main\"},{\"id\":4746,\"title\":\"German Wirehaired Pointer\",\"url\":\"https:\/\/fello.pet\/wp-content\/uploads\/2022\/05\/German-Wirehaired-Pointer-4.jpg\",\"link\":\"https:\/\/fello.pet\/?attachment_id=4746#main\",\"alt\":\"German Wirehaired Pointer\",\"description\":\"\",\"caption\":\"\",\"mime\":\"image\/jpeg\",\"type\":\"image\",\"width\":564,\"height\":789,\"sizes\":{\"thumbnail\":{\"url\":\"https:\/\/fello.pet\/wp-content\/uploads\/2022\/05\/German-Wirehaired-Pointer-4-280x280.jpg\",\"height\":280,\"width\":280,\"orientation\":\"landscape\"},\"medium\":{\"url\":\"https:\/\/fello.pet\/wp-content\/uploads\/2022\/05\/German-Wirehaired-Pointer-4-286x400.jpg\",\"height\":400,\"width\":286,\"orientation\":\"portrait\"},\"full\":{\"url\":\"https:\/\/fello.pet\/wp-content\/uploads\/2022\/05\/German-Wirehaired-Pointer-4.jpg\",\"height\":789,\"width\":564,\"orientation\":\"portrait\"}},\"meta\":false,\"postlink\":\"https:\/\/fello.pet\/?attachment_id=4746#main\"},{\"id\":4744,\"title\":\"German Wirehaired Pointer\",\"url\":\"https:\/\/fello.pet\/wp-content\/uploads\/2022\/05\/German-Wirehaired-Pointer-2.jpg\",\"link\":\"https:\/\/fello.pet\/?attachment_id=4744#main\",\"alt\":\"German Wirehaired Pointer\",\"description\":\"\",\"caption\":\"\",\"mime\":\"image\/jpeg\",\"type\":\"image\",\"width\":776,\"height\":876,\"sizes\":{\"thumbnail\":{\"url\":\"https:\/\/fello.pet\/wp-content\/uploads\/2022\/05\/German-Wirehaired-Pointer-2-280x280.jpg\",\"height\":280,\"width\":280,\"orientation\":\"landscape\"},\"medium\":{\"url\":\"https:\/\/fello.pet\/wp-content\/uploads\/2022\/05\/German-Wirehaired-Pointer-2-354x400.jpg\",\"height\":400,\"width\":354,\"orientation\":\"portrait\"},\"large\":{\"url\":\"https:\/\/fello.pet\/wp-content\/uploads\/2022\/05\/German-Wirehaired-Pointer-2-709x800.jpg\",\"height\":800,\"width\":709,\"orientation\":\"portrait\"},\"full\":{\"url\":\"https:\/\/fello.pet\/wp-content\/uploads\/2022\/05\/German-Wirehaired-Pointer-2.jpg\",\"height\":876,\"width\":776,\"orientation\":\"portrait\"}},\"meta\":false,\"postlink\":\"https:\/\/fello.pet\/?attachment_id=4744#main\"},{\"id\":4748,\"title\":\"German Wirehaired Pointer\",\"url\":\"https:\/\/fello.pet\/wp-content\/uploads\/2022\/05\/German-Wirehaired-Pointer-3.jpg\",\"link\":\"https:\/\/fello.pet\/?attachment_id=4748#main\",\"alt\":\"German Wirehaired Pointer\",\"description\":\"\",\"caption\":\"\",\"mime\":\"image\/jpeg\",\"type\":\"image\",\"width\":563,\"height\":444,\"sizes\":{\"thumbnail\":{\"url\":\"https:\/\/fello.pet\/wp-content\/uploads\/2022\/05\/German-Wirehaired-Pointer-3-280x280.jpg\",\"height\":280,\"width\":280,\"orientation\":\"landscape\"},\"medium\":{\"url\":\"https:\/\/fello.pet\/wp-content\/uploads\/2022\/05\/German-Wirehaired-Pointer-3-507x400.jpg\",\"height\":400,\"width\":507,\"orientation\":\"landscape\"},\"full\":{\"url\":\"https:\/\/fello.pet\/wp-content\/uploads\/2022\/05\/German-Wirehaired-Pointer-3.jpg\",\"height\":444,\"width\":563,\"orientation\":\"landscape\"}},\"meta\":false,\"postlink\":\"https:\/\/fello.pet\/?attachment_id=4748#main\"}],\"itemsMetaDataCollection\":[],\"galleryData\":\"{\\u0022pageMode\\u0022:false,\\u0022lastRowFill\\u0022:true,\\u0022collectionThumbRecomendedHeight\\u0022:300,\\u0022collectionThumbMiniScreenScale\\u0022:true,\\u0022thumbSpacing\\u0022:5,\\u0022externalLink\\u0022:false,\\u0022externalLinkDefName\\u0022:\\u0022Read More\\u0022,\\u0022externalLinkTextColor\\u0022:\\u0022rgba(0,0,0,1)\\u0022,\\u0022externalLinkBgColor\\u0022:\\u0022rgba(255,255,255,1)\\u0022,\\u0022externalLinkFontSize\\u0022:18,\\u0022captions\\u0022:true,\\u0022captionSrc\\u0022:\\u0022caption\\u0022,\\u0022captionHAlign\\u0022:\\u0022top\\u0022,\\u0022collectionthumbHoverTitleFontSize\\u0022:18,\\u0022collectionthumbRoundedCorners\\u0022:0,\\u0022collectionthumbHoverTitleTextColor\\u0022:\\u0022rgba(255,255,255,1)\\u0022,\\u0022collectionthumbHoverTitleTextBgColor\\u0022:\\u0022rgba(0,0,0,0.8)\\u0022,\\u0022collectionthumbHoverBgColor\\u0022:\\u0022rgba(0,0,0,0.4)\\u0022,\\u0022collectionThumbSubMenuDownload\\u0022:false,\\u0022collectionThumbSubMenuShare\\u0022:false,\\u0022collectionThumbSubMenuBgColor\\u0022:\\u0022rgba(0,0,0,0.4)\\u0022,\\u0022collectionThumbSubMenuBgColorHover\\u0022:\\u0022rgba(255,255,255,1)\\u0022,\\u0022collectionThumbSubMenuIconColor\\u0022:\\u0022rgba(255,255,255,1)\\u0022,\\u0022collectionThumbSubMenuIconColorHover\\u0022:\\u0022rgba(0,0,0,1)\\u0022,\\u0022settingsModalIsOpen\\u0022:false,\\u0022galleryType\\u0022:\\u0022pgc_sgb_justified\\u0022,\\u0022align\\u0022:\\u0022\\u0022,\\u0022galleryId\\u0022:\\u0022b3f95920\\u0022,\\u0022tagsListCustomMode\\u0022:false,\\u0022initGalleryByFirstTag\\u0022:false,\\u0022deepLinkingForTag\\u0022:false,\\u0022galleryTagsList\\u0022:[],\\u0022useClobalSettings\\u0022:true,\\u0022orderBy\\u0022:\\u0022custom\\u0022,\\u0022deepLinking\\u0022:false,\\u0022useLightbox\\u0022:true,\\u0022thumbClickAction\\u0022:\\u0022useLightbox\\u0022,\\u0022numItemsDisplayed\\u0022:0,\\u0022lazyLoading\\u0022:true,\\u0022contentNoPadding\\u0022:false,\\u0022galleryPreloaderColor\\u0022:\\u0022rgba(230,230,230,1)\\u0022,\\u0022galleryBgColor\\u0022:\\u0022rgba(0,0,0,0)\\u0022,\\u0022galleryBorderRadius\\u0022:0,\\u0022customCSS\\u0022:\\u0022\\u0022,\\u0022itemsPerPage\\u0022:20,\\u0022loadMoreDefName\\u0022:\\u0022Load More\\u0022,\\u0022loadMoreFontSize\\u0022:16,\\u0022loadMoreTextColor\\u0022:\\u0022rgba(255,255,255,1)\\u0022,\\u0022loadMoreBgColor\\u0022:\\u0022rgba(0,0,0,1)\\u0022,\\u0022tagsFilter\\u0022:false,\\u0022tagCloudAll\\u0022:\\u0022All\\u0022,\\u0022tagCloudBgColor\\u0022:\\u0022rgba(153,153,153,1)\\u0022,\\u0022tagCloudBgColorOver\\u0022:\\u0022rgba(253,253,253,1)\\u0022,\\u0022tagCloudTextColor\\u0022:\\u0022rgba(253,253,253,1)\\u0022,\\u0022tagCloudTextColorOver\\u0022:\\u0022rgba(153,153,153,1)\\u0022,\\u0022tagCloudFontSize\\u0022:16,\\u0022modaBgColor\\u0022:\\u0022rgba(0,0,0,0.8)\\u0022,\\u0022modalIconColor\\u0022:\\u0022rgba(255,255,255,1)\\u0022,\\u0022modalIconColorHover\\u0022:\\u0022rgba(255,255,255,0.8)\\u0022,\\u0022shareFacebook\\u0022:true,\\u0022shareTwitter\\u0022:true,\\u0022sharePinterest\\u0022:true,\\u0022sliderItemDownload\\u0022:true,\\u0022shareCopyLink\\u0022:true,\\u0022sharePost\\u0022:\\u0022postlink\\u0022,\\u0022copyRProtection\\u0022:false,\\u0022copyRAlert\\u0022:\\u0022Hello, this photo is mine!\\u0022,\\u0022sliderScrollNavi\\u0022:false,\\u0022sliderFullSizeViewMode\\u0022:false,\\u0022sliderNextPrevAnimation\\u0022:\\u0022animation\\u0022,\\u0022galleryScrollPositionControll\\u0022:false,\\u0022sliderVideoAutoPlay\\u0022:false,\\u0022sliderVideoLoop\\u0022:false,\\u0022sliderItemCounterEnable\\u0022:true,\\u0022sliderCaptionSrc\\u0022:\\u0022caption\\u0022,\\u0022sliderItemTitleEnable\\u0022:false,\\u0022sliderItemTitleFontSize\\u0022:18,\\u0022sliderItemTitleTextColor\\u0022:\\u0022rgba(255,255,255,1)\\u0022,\\u0022itemCounterColor\\u0022:\\u0022rgba(255,255,255,1)\\u0022,\\u0022sliderThumbBarEnable\\u0022:true,\\u0022sliderThumbBarHoverColor\\u0022:\\u0022rgba(240,240,240,1)\\u0022,\\u0022sliderBgColor\\u0022:\\u0022rgba(0,0,0,0.8)\\u0022,\\u0022sliderPreloaderColor\\u0022:\\u0022rgba(240,240,240,1)\\u0022,\\u0022sliderHeaderFooterBgColor\\u0022:\\u0022rgba(0,0,0,0.4)\\u0022,\\u0022sliderNavigationColor\\u0022:\\u0022rgba(0,0,0,1)\\u0022,\\u0022sliderNavigationColorOver\\u0022:\\u0022rgba(255,255,255,1)\\u0022,\\u0022sliderNavigationIconColor\\u0022:\\u0022rgba(255,255,255,1)\\u0022,\\u0022sliderNavigationIconColorOver\\u0022:\\u0022rgba(0,0,0,1)\\u0022,\\u0022sliderSlideshow\\u0022:true,\\u0022sliderSlideshowDelay\\u0022:8,\\u0022slideshowIndicatorColor\\u0022:\\u0022rgba(255,255,255,1)\\u0022,\\u0022slideshowIndicatorColorBg\\u0022:\\u0022rgba(255,255,255,0.5)\\u0022,\\u0022sliderThumbSubMenuBackgroundColor\\u0022:\\u0022rgba(255,255,255,0)\\u0022,\\u0022sliderThumbSubMenuBackgroundColorOver\\u0022:\\u0022rgba(255,255,255,1)\\u0022,\\u0022sliderThumbSubMenuIconColor\\u0022:\\u0022rgba(255,255,255,1)\\u0022,\\u0022sliderThumbSubMenuIconHoverColor\\u0022:\\u0022rgba(0,0,0,1)\\u0022,\\u0022sliderSocialShareEnabled\\u0022:false,\\u0022sliderZoomEnable\\u0022:true,\\u0022sliderFullscreenEnabled\\u0022:true,\\u0022skin\\u0022:\\u0022justified\\u0022}\",\"useClobalSettings\":true,\"sharePost\":\"postlink\",\"sliderSocialShareEnabled\":false}<\/script><script>(function(){if(window.PGC_SGB && window.PGC_SGB.searcher){window.PGC_SGB.searcher.initBlocks()}})()<\/script><\/div>\n\n<h2 class=\"wp-block-heading\" id=\"historia-de-origen\">Historia de Origen<\/h2>\n\n\n<p>La raza se origin\u00f3 en Alemania en el siglo XIX. Fueron criados como perros de tama\u00f1o mediano a grande que pod\u00edan localizar la caza en las zonas altas. Deb\u00edan cazar aves y mam\u00edferos, as\u00ed como capturar aves acu\u00e1ticas. Preferiblemente, pod\u00edan trabajar en condiciones dif\u00edciles mientras trabajaban. Su pelaje era poco pretencioso, su naturaleza erizada proteg\u00eda a la raza de las inclemencias del tiempo.<\/p>\n\n\n\n<p>En 1880, el braco alem\u00e1n de pelo duro fue reconocido como una raza independiente, lo que le permiti\u00f3 participar en exposiciones y pruebas. El braco alem\u00e1n de pelo duro moderno se considera un perro de caza, aunque se ha hecho popular como mascota, especialmente en las zonas rurales.<\/p>\n\n\n<h2 class=\"wp-block-heading\" id=\"apariencia\">Apariencia<\/h2>\n\n\n<p>Los bracos alem\u00e1nes de pelo duro son perros de tama\u00f1o mediano a grande, con una altura media de 60 a 67 cm y un peso de 25 a 34 kg. Las hembras son ligeramente m\u00e1s peque\u00f1as, alcanzando una altura adulta de 56 a 62 cm y un peso de 20 a 29 kg. Tienen una complexi\u00f3n fuerte con extremidades musculosas adecuadas para su estilo de vida activo. Sus caras est\u00e1n bien proporcionadas, con un hocico fuerte y una frente baja. Estos perros poseen un pecho profundo, lo que les da una forma corporal casi triangular. Al igual que otros pointers alemanes, tienen patas palmeadas para nadar.<\/p>\n\n\n\n<p>El rasgo m\u00e1s distintivo es el pelaje r\u00edgido. Tienen un subpelo grueso que les protege del fr\u00edo. La lana es de tipo met\u00e1lico y protege contra la lluvia y la nieve. Su pelaje est\u00e1 distribuido de forma desigual por el cuerpo, pero tiende a ser m\u00e1s denso en los hombros y la cola, mientras que el pelaje de las patas y el cr\u00e1neo es m\u00e1s corto. Tienen un pelo m\u00e1s grueso en las cejas y a menudo se les recorta la barba y el bigote, lo que da a la cara un aspecto distintivo.<\/p>\n\n\n\n<p>La lana puede ser de diferentes colores, y el color de la nariz puede coincidir con el color del pelaje. El est\u00e1ndar permite los siguientes colores: marr\u00f3n, negro y blanco, negro, marr\u00f3n y blanco, y otras combinaciones.<\/p>\n\n\n<h2 class=\"wp-block-heading\" id=\"personaje\">Personaje<\/h2>\n\n\n<p>Los bracos alem\u00e1nes de pelo duro son conocidos como compa\u00f1eros de caza. Sin embargo, cabe destacar que no fueron criados \u00fanicamente por sus habilidades de caza. El perro de caza antip\u00e1tico y desleal nunca ha \u00abllegado lejos\u00bb en su carrera. A veces pueden mantenerse alejados de los extra\u00f1os hasta que se acostumbren a ellos. Est\u00e1n contentos de pasar tiempo con sus due\u00f1os, acompa\u00f1\u00e1ndolos en sus actividades diarias. En general, son perros d\u00f3ciles, tienen mucha energ\u00eda y son juguetones. Aunque su car\u00e1cter cari\u00f1oso y su disposici\u00f3n a socializar los convierten en buenas mascotas para los ni\u00f1os, hay que recordar que tambi\u00e9n son perros grandes. Hay que tener cuidado al interactuar con los ni\u00f1os peque\u00f1os para evitar accidentes. Son perros apacibles con un car\u00e1cter equilibrado que pueden proteger a su familia y a sus compa\u00f1eros.<\/p>\n\n\n<h2 class=\"wp-block-heading\" id=\"cuidado\">Cuidado<\/h2>\n\n\n<p>Los bracos alem\u00e1nes de pelo duro tienen un subpelo grueso que se desprende durante todo el a\u00f1o. Deben ser cepillados una vez a la semana para controlar la muda y mantener un pelaje sano. Cuando mudan en primavera y oto\u00f1o, es mejor cepillarlos todos los d\u00edas. Por lo dem\u00e1s, no requieren muchos cuidados, aunque algunos propietarios prefieren recortarles los bigotes y la barba para que tengan un aspecto lo m\u00e1s cuidado posible.<\/p>\n\n\n<h2 class=\"wp-block-heading\" id=\"formacion\">Formaci\u00f3n<\/h2>\n\n\n<p>Los bracos alem\u00e1nes de pelo duro son perros inteligentes a los que les encanta pasar tiempo con sus due\u00f1os. Son f\u00e1ciles de adiestrar y les encanta la atenci\u00f3n que reciben. El adiestramiento debe comenzar lo antes posible con sesiones cortas y regulares que mantengan a su perro interesado y concentrado. Su inteligencia les permite memorizar r\u00e1pidamente las \u00f3rdenes, pero pueden aburrirse si el adiestramiento es demasiado frecuente. El adiestramiento debe centrarse en el refuerzo positivo, ya que los m\u00e9todos de adiestramiento severos provocan resentimiento.<\/p>\n\n\n\n<p>Un buen r\u00e9gimen de adiestramiento debe centrarse en la socializaci\u00f3n y la obediencia. La socializaci\u00f3n es importante para preparar a su cachorro para las diferentes situaciones que puede encontrar cuando sea adulto. Se trata de presentarle el mayor n\u00famero posible de personas, ruidos y animales diferentes para que aprenda a responder adecuadamente. El adiestramiento en obediencia tambi\u00e9n es vital para los bracos alem\u00e1nes de pelo duro. Son conocidos por su car\u00e1cter voluntarioso, especialmente cuando captan un olor interesante.<\/p>\n\n\n<h2 class=\"wp-block-heading\" id=\"enfermedades-comunes\">Enfermedades Comunes<\/h2>\n\n\n<p>El braco alem\u00e1n de pelo duro es una raza generalmente sana que puede vivir de 12 a 14 a\u00f1os. Sin embargo, la raza es propensa a algunas enfermedades que los propietarios deben conocer:<\/p>\n\n\n\n<ul class=\"wp-block-list\"><li>displasia de cadera;<\/li><li>enfermedad de Willebrand.<\/li><\/ul>\n\n\n<h2 class=\"wp-block-heading\" id=\"nutricion\">Nutrici\u00f3n<\/h2>\n\n\n<p>Los cachorros del braco alem\u00e1n de pelo duro de tres a seis meses deben ser alimentados tres veces al d\u00eda. Los cachorros de seis meses a un a\u00f1o deben ser alimentados dos veces al d\u00eda. Cuando un braco alem\u00e1n de pelo duro cumpla su primer a\u00f1o, le bastar\u00e1 con una comida abundante al d\u00eda. Utilice s\u00f3lo alimentos de alta calidad para la nutrici\u00f3n.<\/p>\n\n\n\n","protected":false},"excerpt":{"rendered":"<p>Los bracos alem\u00e1nes de pelo duro son conocidos como compa\u00f1eros de caza. Sin embargo, cabe destacar que no fueron criados \u00fanicamente por sus habilidades de caza. El perro de caza antip\u00e1tico y desleal nunca ha \u00abllegado lejos\u00bb en su carrera. A veces pueden mantenerse alejados de los extra\u00f1os hasta que se acostumbren a ellos. Est\u00e1n [&hellip;]<\/p>\n","protected":false},"author":2,"featured_media":4751,"comment_status":"open","ping_status":"open","sticky":false,"template":"","format":"standard","meta":{"_acf_changed":false,"inline_featured_image":false,"pgc_sgb_lightbox_settings":"","footnotes":""},"categories":[271],"tags":[236,257,224,243,249,258,230,223,254],"class_list":["post-4754","post","type-post","status-publish","format-standard","has-post-thumbnail","hentry","category-razas-de-perros","tag-razas-de-perros-alemanes","tag-razas-de-perros-baratas","tag-razas-de-perros-de-caza","tag-razas-de-perros-de-pelo-liso","tag-razas-de-perros-grandes","tag-razas-de-perros-inteligentes","tag-razas-de-perros-para-familias","tag-razas-de-perros-pointer","tag-razas-de-perros-populares"],"acf":[],"_links":{"self":[{"href":"https:\/\/fello.pet\/es\/wp-json\/wp\/v2\/posts\/4754","targetHints":{"allow":["GET"]}}],"collection":[{"href":"https:\/\/fello.pet\/es\/wp-json\/wp\/v2\/posts"}],"about":[{"href":"https:\/\/fello.pet\/es\/wp-json\/wp\/v2\/types\/post"}],"author":[{"embeddable":true,"href":"https:\/\/fello.pet\/es\/wp-json\/wp\/v2\/users\/2"}],"replies":[{"embeddable":true,"href":"https:\/\/fello.pet\/es\/wp-json\/wp\/v2\/comments?post=4754"}],"version-history":[{"count":2,"href":"https:\/\/fello.pet\/es\/wp-json\/wp\/v2\/posts\/4754\/revisions"}],"predecessor-version":[{"id":4756,"href":"https:\/\/fello.pet\/es\/wp-json\/wp\/v2\/posts\/4754\/revisions\/4756"}],"wp:featuredmedia":[{"embeddable":true,"href":"https:\/\/fello.pet\/es\/wp-json\/wp\/v2\/media\/4751"}],"wp:attachment":[{"href":"https:\/\/fello.pet\/es\/wp-json\/wp\/v2\/media?parent=4754"}],"wp:term":[{"taxonomy":"category","embeddable":true,"href":"https:\/\/fello.pet\/es\/wp-json\/wp\/v2\/categories?post=4754"},{"taxonomy":"post_tag","embeddable":true,"href":"https:\/\/fello.pet\/es\/wp-json\/wp\/v2\/tags?post=4754"}],"curies":[{"name":"wp","href":"https:\/\/api.w.org\/{rel}","templated":true}]}}