
{"id":3962,"date":"2022-05-17T08:34:29","date_gmt":"2022-05-17T08:34:29","guid":{"rendered":"https:\/\/fello.pet\/?p=3962"},"modified":"2022-05-17T10:26:19","modified_gmt":"2022-05-17T10:26:19","slug":"sabueso-de-istria-de-pelo-corto","status":"publish","type":"post","link":"https:\/\/fello.pet\/es\/sabueso-de-istria-de-pelo-corto\/","title":{"rendered":"Sabueso de Istria de Pelo Corto"},"content":{"rendered":"\n<p><strong><em>El sabueso de Istria de pelo corto es un t\u00edpico perro de caza, \u00e1gil y con un car\u00e1cter obstinado. La mascota es tranquila, amable con las personas sin mostrar agresividad. Se puede llevar al perro no s\u00f3lo para la caza, sino tambi\u00e9n como fiel compa\u00f1ero de hogar. El representante de la raza se apega r\u00e1pidamente al due\u00f1o y es cari\u00f1oso con los ni\u00f1os.<\/em><\/strong><\/p>\n\n\n\n<div class=\"wp-block-columns is-layout-flex wp-container-core-columns-is-layout-9d6595d7 wp-block-columns-is-layout-flex\">\n<div class=\"wp-block-column is-layout-flow wp-block-column-is-layout-flow\"><h2 class=\"simpletoc-title\">Tabla de \u0421ontenido<\/h2>\n<ul class=\"simpletoc-list\">\n<li><a href=\"#informacion-de-la-raza\">Informaci\u00f3n de la Raza<\/a>\n\n<\/li>\n<li><a href=\"#fotos-de-la-raza\">Fotos de la Raza<\/a>\n\n<\/li>\n<li><a href=\"#historia-de-origen\">Historia de Origen<\/a>\n\n<\/li>\n<li><a href=\"#apariencia\">Apariencia<\/a>\n\n<\/li>\n<li><a href=\"#personaje\">Personaje<\/a>\n\n<\/li>\n<li><a href=\"#cuidado\">Cuidado<\/a>\n\n<\/li>\n<li><a href=\"#formacion\">Formaci\u00f3n<\/a>\n\n<\/li>\n<li><a href=\"#enfermedades-comunes\">Enfermedades Comunes<\/a>\n\n<\/li>\n<li><a href=\"#nutricion\">Nutrici\u00f3n<\/a>\n<\/li><\/ul><\/div>\n\n\n\n<div class=\"wp-block-column is-layout-flow wp-block-column-is-layout-flow\"><h2 class=\"wp-block-heading\" id=\"informacion-de-la-raza\">Informaci\u00f3n de la Raza<\/h2>\n\n\n<figure class=\"wp-block-table alignleft\" style=\"font-size:18px\"><table class=\"has-fixed-layout\"><tbody><tr><td>Otro Nombre<\/td><td>Istrian Shorthaired Hound, Istarski Kratkodlaki Goni\u010d<\/td><\/tr><tr><td>Origen<\/td><td>Croacia<\/td><\/tr><tr><td>Altura<\/td><td>Machos 50-56 cm<br>Hembras 44-50 cm<\/td><\/tr><tr><td>Peso<\/td><td>14-20 kg<\/td><\/tr><tr><td>Pelo<\/td><td>Corto<\/td><\/tr><tr><td>Color<\/td><td>Blanco, jengibre sobre fondo blanco<\/td><\/tr><tr><td>Esperanza de Vida<\/td><td>12-14 a\u00f1os<\/td><\/tr><tr><td>Clasificaci\u00f3n FCI<\/td><td>Perros tipo sabueso, perros de rastro y razas semejantes<\/td><\/tr><tr><td>Grupo<\/td><td>Perros de caza, perros para ni\u00f1os<\/td><\/tr><tr><td>Precio<\/td><td>$700-1300<\/td><\/tr><\/tbody><\/table><\/figure>\n<\/div>\n<\/div>\n\n\n<h2 class=\"wp-block-heading\" id=\"fotos-de-la-raza\">Fotos de la Raza<\/h2>\n\n<div class=\"pgc-sgb-cb wp-block-pgcsimplygalleryblock-justified \" data-gallery-id=\"b4635262\"><div class=\"sgb-preloader\" id=\"pr_b4635262\">\n\t<div class=\"sgb-square\" style=\"background:#d4d4d4\"><\/div>\n\t<div class=\"sgb-square\" style=\"background:#d4d4d4\"><\/div>\n\t<div class=\"sgb-square\" style=\"background:#d4d4d4\"><\/div>\n\t<div class=\"sgb-square\" style=\"background:#d4d4d4\"><\/div><\/div><div class=\"simply-gallery-amp pgc_sgb_slider \"><noscript><div class=\"sgb-gallery\"><div class=\"sgb-item\"><a href=\"https:\/\/fello.pet\/dog-breeds\/istrian-short-haired-hound\/attachment\/istrian-short-haired-hound-1-1-1-1\/#main\" target=\"_blank\"><img decoding=\"async\" alt=\"\" width=\"402\" height=\"297\" loading=\"lazy\" src=\"https:\/\/fello.pet\/wp-content\/uploads\/2022\/05\/Istrian-Short-haired-Hound-1-1-1-1.png\" srcset=\",https:\/\/fello.pet\/wp-content\/uploads\/2022\/05\/Istrian-Short-haired-Hound-1-1-1-1.png 402w\" sizes=\"auto, 250px\"\/><\/a><\/div><div class=\"sgb-item\"><a href=\"https:\/\/fello.pet\/dog-breeds\/istrian-short-haired-hound\/attachment\/istrian-short-haired-hound-3\/#main\" target=\"_blank\"><img decoding=\"async\" alt=\"Istrian Short-haired Hound\" width=\"299\" height=\"327\" loading=\"lazy\" src=\"https:\/\/fello.pet\/wp-content\/uploads\/2022\/05\/Istrian-Short-haired-Hound-3.jpg\" srcset=\",https:\/\/fello.pet\/wp-content\/uploads\/2022\/05\/Istrian-Short-haired-Hound-3.jpg 299w\" sizes=\"auto, 250px\"\/><\/a><\/div><div class=\"sgb-item\"><a href=\"https:\/\/fello.pet\/dog-breeds\/istrian-short-haired-hound\/attachment\/istrian-short-haired-hound-2\/#main\" target=\"_blank\"><img decoding=\"async\" alt=\"Istrian Short-haired Hound\" width=\"258\" height=\"299\" loading=\"lazy\" src=\"https:\/\/fello.pet\/wp-content\/uploads\/2022\/05\/Istrian-Short-haired-Hound-2.jpg\" srcset=\",https:\/\/fello.pet\/wp-content\/uploads\/2022\/05\/Istrian-Short-haired-Hound-2.jpg 258w\" sizes=\"auto, 250px\"\/><\/a><\/div><div class=\"sgb-item\"><a href=\"https:\/\/fello.pet\/dog-breeds\/istrian-short-haired-hound\/attachment\/istrian-short-haired-hound-4-4\/#main\" target=\"_blank\"><img decoding=\"async\" alt=\"Istrian Short-haired Hound\" width=\"540\" height=\"400\" loading=\"lazy\" src=\"https:\/\/fello.pet\/wp-content\/uploads\/2022\/05\/Istrian-Short-haired-Hound-4-4-540x400.jpg\" srcset=\"https:\/\/fello.pet\/wp-content\/uploads\/2022\/05\/Istrian-Short-haired-Hound-4-4-540x400.jpg 540w,https:\/\/fello.pet\/wp-content\/uploads\/2022\/05\/Istrian-Short-haired-Hound-4-4.jpg 564w\" sizes=\"auto, 250px\"\/><\/a><\/div><\/div><\/noscript><\/div><script type=\"application\/json\" class=\"sgb-data\">{\"lastRowFill\":true,\"collectionThumbRecomendedHeight\":300,\"collectionThumbMiniScreenScale\":true,\"externalLink\":false,\"collectionThumbSubMenuDownload\":false,\"collectionThumbSubMenuShare\":false,\"galleryType\":\"pgc_sgb_justified\",\"galleryId\":\"b4635262\",\"images\":[{\"id\":3956,\"title\":\"Istrian Short-haired Hound\",\"url\":\"https:\/\/fello.pet\/wp-content\/uploads\/2022\/05\/Istrian-Short-haired-Hound-1-1-1-1.png\",\"link\":\"https:\/\/fello.pet\/dog-breeds\/istrian-short-haired-hound\/attachment\/istrian-short-haired-hound-1-1-1-1\/#main\",\"alt\":\"\",\"description\":\"\",\"caption\":\"\",\"mime\":\"image\/png\",\"type\":\"image\",\"width\":402,\"height\":297,\"sizes\":{\"thumbnail\":{\"url\":\"https:\/\/fello.pet\/wp-content\/uploads\/2022\/05\/Istrian-Short-haired-Hound-1-1-1-1-280x280.png\",\"height\":280,\"width\":280,\"orientation\":\"landscape\"},\"full\":{\"url\":\"https:\/\/fello.pet\/wp-content\/uploads\/2022\/05\/Istrian-Short-haired-Hound-1-1-1-1.png\",\"height\":297,\"width\":402,\"orientation\":\"landscape\"}},\"meta\":false,\"postlink\":\"https:\/\/fello.pet\/dog-breeds\/istrian-short-haired-hound\/attachment\/istrian-short-haired-hound-1-1-1-1\/#main\"},{\"id\":3949,\"title\":\"Istrian Short-haired Hound\",\"url\":\"https:\/\/fello.pet\/wp-content\/uploads\/2022\/05\/Istrian-Short-haired-Hound-3.jpg\",\"link\":\"https:\/\/fello.pet\/dog-breeds\/istrian-short-haired-hound\/attachment\/istrian-short-haired-hound-3\/#main\",\"alt\":\"Istrian Short-haired Hound\",\"description\":\"\",\"caption\":\"\",\"mime\":\"image\/jpeg\",\"type\":\"image\",\"width\":299,\"height\":327,\"sizes\":{\"thumbnail\":{\"url\":\"https:\/\/fello.pet\/wp-content\/uploads\/2022\/05\/Istrian-Short-haired-Hound-3-280x280.jpg\",\"height\":280,\"width\":280,\"orientation\":\"landscape\"},\"full\":{\"url\":\"https:\/\/fello.pet\/wp-content\/uploads\/2022\/05\/Istrian-Short-haired-Hound-3.jpg\",\"height\":327,\"width\":299,\"orientation\":\"portrait\"}},\"meta\":false,\"postlink\":\"https:\/\/fello.pet\/dog-breeds\/istrian-short-haired-hound\/attachment\/istrian-short-haired-hound-3\/#main\"},{\"id\":3945,\"title\":\"Istrian Short-haired Hound\",\"url\":\"https:\/\/fello.pet\/wp-content\/uploads\/2022\/05\/Istrian-Short-haired-Hound-2.jpg\",\"link\":\"https:\/\/fello.pet\/dog-breeds\/istrian-short-haired-hound\/attachment\/istrian-short-haired-hound-2\/#main\",\"alt\":\"Istrian Short-haired Hound\",\"description\":\"\",\"caption\":\"\",\"mime\":\"image\/jpeg\",\"type\":\"image\",\"width\":258,\"height\":299,\"sizes\":{\"thumbnail\":{\"url\":\"https:\/\/fello.pet\/wp-content\/uploads\/2022\/05\/Istrian-Short-haired-Hound-2-258x280.jpg\",\"height\":280,\"width\":258,\"orientation\":\"portrait\"},\"full\":{\"url\":\"https:\/\/fello.pet\/wp-content\/uploads\/2022\/05\/Istrian-Short-haired-Hound-2.jpg\",\"height\":299,\"width\":258,\"orientation\":\"portrait\"}},\"meta\":false,\"postlink\":\"https:\/\/fello.pet\/dog-breeds\/istrian-short-haired-hound\/attachment\/istrian-short-haired-hound-2\/#main\"},{\"id\":3958,\"title\":\"Istrian Short-haired Hound\",\"url\":\"https:\/\/fello.pet\/wp-content\/uploads\/2022\/05\/Istrian-Short-haired-Hound-4-4.jpg\",\"link\":\"https:\/\/fello.pet\/dog-breeds\/istrian-short-haired-hound\/attachment\/istrian-short-haired-hound-4-4\/#main\",\"alt\":\"Istrian Short-haired Hound\",\"description\":\"\",\"caption\":\"\",\"mime\":\"image\/jpeg\",\"type\":\"image\",\"width\":564,\"height\":418,\"sizes\":{\"thumbnail\":{\"url\":\"https:\/\/fello.pet\/wp-content\/uploads\/2022\/05\/Istrian-Short-haired-Hound-4-4-280x280.jpg\",\"height\":280,\"width\":280,\"orientation\":\"landscape\"},\"medium\":{\"url\":\"https:\/\/fello.pet\/wp-content\/uploads\/2022\/05\/Istrian-Short-haired-Hound-4-4-540x400.jpg\",\"height\":400,\"width\":540,\"orientation\":\"landscape\"},\"full\":{\"url\":\"https:\/\/fello.pet\/wp-content\/uploads\/2022\/05\/Istrian-Short-haired-Hound-4-4.jpg\",\"height\":418,\"width\":564,\"orientation\":\"landscape\"}},\"meta\":false,\"postlink\":\"https:\/\/fello.pet\/dog-breeds\/istrian-short-haired-hound\/attachment\/istrian-short-haired-hound-4-4\/#main\"}],\"itemsMetaDataCollection\":[],\"galleryData\":\"{\\u0022pageMode\\u0022:false,\\u0022lastRowFill\\u0022:true,\\u0022collectionThumbRecomendedHeight\\u0022:300,\\u0022collectionThumbMiniScreenScale\\u0022:true,\\u0022thumbSpacing\\u0022:5,\\u0022externalLink\\u0022:false,\\u0022externalLinkDefName\\u0022:\\u0022Read More\\u0022,\\u0022externalLinkTextColor\\u0022:\\u0022rgba(0,0,0,1)\\u0022,\\u0022externalLinkBgColor\\u0022:\\u0022rgba(255,255,255,1)\\u0022,\\u0022externalLinkFontSize\\u0022:18,\\u0022captions\\u0022:true,\\u0022captionSrc\\u0022:\\u0022caption\\u0022,\\u0022captionHAlign\\u0022:\\u0022top\\u0022,\\u0022collectionthumbHoverTitleFontSize\\u0022:18,\\u0022collectionthumbRoundedCorners\\u0022:0,\\u0022collectionthumbHoverTitleTextColor\\u0022:\\u0022rgba(255,255,255,1)\\u0022,\\u0022collectionthumbHoverTitleTextBgColor\\u0022:\\u0022rgba(0,0,0,0.8)\\u0022,\\u0022collectionthumbHoverBgColor\\u0022:\\u0022rgba(0,0,0,0.4)\\u0022,\\u0022collectionThumbSubMenuDownload\\u0022:false,\\u0022collectionThumbSubMenuShare\\u0022:false,\\u0022collectionThumbSubMenuBgColor\\u0022:\\u0022rgba(0,0,0,0.4)\\u0022,\\u0022collectionThumbSubMenuBgColorHover\\u0022:\\u0022rgba(255,255,255,1)\\u0022,\\u0022collectionThumbSubMenuIconColor\\u0022:\\u0022rgba(255,255,255,1)\\u0022,\\u0022collectionThumbSubMenuIconColorHover\\u0022:\\u0022rgba(0,0,0,1)\\u0022,\\u0022settingsModalIsOpen\\u0022:false,\\u0022galleryType\\u0022:\\u0022pgc_sgb_justified\\u0022,\\u0022align\\u0022:\\u0022\\u0022,\\u0022galleryId\\u0022:\\u0022b4635262\\u0022,\\u0022tagsListCustomMode\\u0022:false,\\u0022initGalleryByFirstTag\\u0022:false,\\u0022deepLinkingForTag\\u0022:false,\\u0022galleryTagsList\\u0022:[],\\u0022useClobalSettings\\u0022:true,\\u0022orderBy\\u0022:\\u0022custom\\u0022,\\u0022deepLinking\\u0022:false,\\u0022useLightbox\\u0022:true,\\u0022thumbClickAction\\u0022:\\u0022useLightbox\\u0022,\\u0022numItemsDisplayed\\u0022:0,\\u0022lazyLoading\\u0022:true,\\u0022contentNoPadding\\u0022:false,\\u0022galleryPreloaderColor\\u0022:\\u0022rgba(230,230,230,1)\\u0022,\\u0022galleryBgColor\\u0022:\\u0022rgba(0,0,0,0)\\u0022,\\u0022galleryBorderRadius\\u0022:0,\\u0022customCSS\\u0022:\\u0022\\u0022,\\u0022itemsPerPage\\u0022:20,\\u0022loadMoreDefName\\u0022:\\u0022Load More\\u0022,\\u0022loadMoreFontSize\\u0022:16,\\u0022loadMoreTextColor\\u0022:\\u0022rgba(255,255,255,1)\\u0022,\\u0022loadMoreBgColor\\u0022:\\u0022rgba(0,0,0,1)\\u0022,\\u0022tagsFilter\\u0022:false,\\u0022tagCloudAll\\u0022:\\u0022All\\u0022,\\u0022tagCloudBgColor\\u0022:\\u0022rgba(153,153,153,1)\\u0022,\\u0022tagCloudBgColorOver\\u0022:\\u0022rgba(253,253,253,1)\\u0022,\\u0022tagCloudTextColor\\u0022:\\u0022rgba(253,253,253,1)\\u0022,\\u0022tagCloudTextColorOver\\u0022:\\u0022rgba(153,153,153,1)\\u0022,\\u0022tagCloudFontSize\\u0022:16,\\u0022modaBgColor\\u0022:\\u0022rgba(0,0,0,0.8)\\u0022,\\u0022modalIconColor\\u0022:\\u0022rgba(255,255,255,1)\\u0022,\\u0022modalIconColorHover\\u0022:\\u0022rgba(255,255,255,0.8)\\u0022,\\u0022shareFacebook\\u0022:true,\\u0022shareTwitter\\u0022:true,\\u0022sharePinterest\\u0022:true,\\u0022sliderItemDownload\\u0022:true,\\u0022shareCopyLink\\u0022:true,\\u0022sharePost\\u0022:\\u0022postlink\\u0022,\\u0022copyRProtection\\u0022:false,\\u0022copyRAlert\\u0022:\\u0022Hello, this photo is mine!\\u0022,\\u0022sliderScrollNavi\\u0022:false,\\u0022sliderFullSizeViewMode\\u0022:false,\\u0022sliderNextPrevAnimation\\u0022:\\u0022animation\\u0022,\\u0022galleryScrollPositionControll\\u0022:false,\\u0022sliderVideoAutoPlay\\u0022:false,\\u0022sliderVideoLoop\\u0022:false,\\u0022sliderItemCounterEnable\\u0022:true,\\u0022sliderCaptionSrc\\u0022:\\u0022caption\\u0022,\\u0022sliderItemTitleEnable\\u0022:false,\\u0022sliderItemTitleFontSize\\u0022:18,\\u0022sliderItemTitleTextColor\\u0022:\\u0022rgba(255,255,255,1)\\u0022,\\u0022itemCounterColor\\u0022:\\u0022rgba(255,255,255,1)\\u0022,\\u0022sliderThumbBarEnable\\u0022:true,\\u0022sliderThumbBarHoverColor\\u0022:\\u0022rgba(240,240,240,1)\\u0022,\\u0022sliderBgColor\\u0022:\\u0022rgba(0,0,0,0.8)\\u0022,\\u0022sliderPreloaderColor\\u0022:\\u0022rgba(240,240,240,1)\\u0022,\\u0022sliderHeaderFooterBgColor\\u0022:\\u0022rgba(0,0,0,0.4)\\u0022,\\u0022sliderNavigationColor\\u0022:\\u0022rgba(0,0,0,1)\\u0022,\\u0022sliderNavigationColorOver\\u0022:\\u0022rgba(255,255,255,1)\\u0022,\\u0022sliderNavigationIconColor\\u0022:\\u0022rgba(255,255,255,1)\\u0022,\\u0022sliderNavigationIconColorOver\\u0022:\\u0022rgba(0,0,0,1)\\u0022,\\u0022sliderSlideshow\\u0022:true,\\u0022sliderSlideshowDelay\\u0022:8,\\u0022slideshowIndicatorColor\\u0022:\\u0022rgba(255,255,255,1)\\u0022,\\u0022slideshowIndicatorColorBg\\u0022:\\u0022rgba(255,255,255,0.5)\\u0022,\\u0022sliderThumbSubMenuBackgroundColor\\u0022:\\u0022rgba(255,255,255,0)\\u0022,\\u0022sliderThumbSubMenuBackgroundColorOver\\u0022:\\u0022rgba(255,255,255,1)\\u0022,\\u0022sliderThumbSubMenuIconColor\\u0022:\\u0022rgba(255,255,255,1)\\u0022,\\u0022sliderThumbSubMenuIconHoverColor\\u0022:\\u0022rgba(0,0,0,1)\\u0022,\\u0022sliderSocialShareEnabled\\u0022:false,\\u0022sliderZoomEnable\\u0022:true,\\u0022sliderFullscreenEnabled\\u0022:true,\\u0022skin\\u0022:\\u0022justified\\u0022}\",\"useClobalSettings\":true,\"sharePost\":\"postlink\",\"sliderSocialShareEnabled\":false}<\/script><script>(function(){if(window.PGC_SGB && window.PGC_SGB.searcher){window.PGC_SGB.searcher.initBlocks()}})()<\/script><\/div>\n\n<h2 class=\"wp-block-heading\" id=\"historia-de-origen\">Historia de Origen<\/h2>\n\n\n<p>El sabueso de Istria de pelo corto es una de las razas caninas m\u00e1s antiguas. Este sabueso de cuatro patas gan\u00f3 popularidad en la isla de Istria. La cr\u00eda de estos perros comenz\u00f3 en Eslovenia y luego en Croacia. Se considera que los ancestros del sabueso de Istria de pelo corto son el sabueso europeo y el sabueso fenicio. La raza debut\u00f3 en una exposici\u00f3n en Viena en 1866. En la Federaci\u00f3n Cinol\u00f3gica Internacional, los perros fueron aprobados en 1973.<\/p>\n\n\n<h2 class=\"wp-block-heading\" id=\"apariencia\">Apariencia<\/h2>\n\n\n<p>Es un perro de complexi\u00f3n fuerte de formato rectangular alargado. La cabeza es pesada y larga. Tiene orejas de tama\u00f1o medio que cuelgan a lo largo de los p\u00f3mulos. Es un perro bien construido con un pecho amplio y un vientre tenso. El lomo del sabueso tambi\u00e9n es recto y amplio. Las extremidades son musculosas y fuertes con patas redondas. La raza tiene ojos grandes y oscuros. La coloraci\u00f3n es predominantemente blanca. Se admiten manchas rojas en la frente y el cuerpo, mientras que las orejas suelen ser de color rojo claro. El pelaje es corto y sedoso, brillante y ce\u00f1ido al cuerpo. La cola del sabueso es gruesa en la base, mantenida m\u00e1s bien baja.<\/p>\n\n\n<h2 class=\"wp-block-heading\" id=\"personaje\">Personaje<\/h2>\n\n\n<p>El sabueso de Istria de pelo corto es un t\u00edpico perro de caza, \u00e1gil y con un car\u00e1cter obstinado. La mascota es tranquila, amable con las personas sin mostrar agresividad. Se puede llevar al perro no s\u00f3lo para la caza, sino tambi\u00e9n como fiel compa\u00f1ero de hogar. El representante de la raza se apega r\u00e1pidamente al due\u00f1o y es cari\u00f1oso con los ni\u00f1os.<\/p>\n\n\n\n<p>El sabueso de Istria de pelo corto es un perro orgulloso. No levante la voz y en ning\u00fan caso utilice la fuerza bruta. Para establecer un entendimiento con su perro, idee un juego para que se interese por el ejercicio.<\/p>\n\n\n<h2 class=\"wp-block-heading\" id=\"cuidado\">Cuidado<\/h2>\n\n\n<p>Es problem\u00e1tico tener un perro en un apartamento normal. Todo ello debido a la necesidad de un gran espacio vital. El sabueso debe hacer suficiente ejercicio en el espacio abierto. Todo esto es vital para la mascota. El lugar ideal de tenencia es una pajarera en el campo.<\/p>\n\n\n\n<p>Esta raza de perro no requiere cuidados especiales. Basta con revisar los ojos y las orejas. El pelo del perro es poco pretencioso; p\u00e9inelo 1-2 veces a la semana con un cepillo duro.<\/p>\n\n\n<h2 class=\"wp-block-heading\" id=\"formacion\">Formaci\u00f3n<\/h2>\n\n\n<p>Los representantes de la raza necesitan una socializaci\u00f3n temprana. Esto se debe al fuerte instinto de caza del sabueso de Istria de pelo corto. Hay que tener cuidado al pasear y sujetar la correa para evitar que la mascota persiga a alg\u00fan animal peque\u00f1o.<\/p>\n\n\n\n<p>El sabueso de Istria de pelo corto es un perro naturalmente testarudo, que requiere habilidades especiales de adiestramiento por parte del propietario. Es necesario compensar la gran necesidad de esfuerzo f\u00edsico dando al menos tres paseos largos al d\u00eda. No es mala idea llevar a su mascota a correr. Dedique al menos una hora de ejercicio al d\u00eda.<\/p>\n\n\n<h2 class=\"wp-block-heading\" id=\"enfermedades-comunes\">Enfermedades Comunes<\/h2>\n\n\n<p>Debido a su genotipo estable, el sabueso de Istria de pelo corto rara vez se pone enfermo. Los perros no son susceptibles de padecer enfermedades hereditarias. Sin embargo, los miembros de la raza pueden enfermar:<\/p>\n\n\n\n<ul class=\"wp-block-list\"><li>displasia de cadera;<\/li><li>trastornos musculoesquel\u00e9ticos;<\/li><li>urolithiasis;<\/li><li>problemas gastrointestinales;<\/li><li>enfermedades infecciosas de los ojos y los o\u00eddos.<\/li><\/ul>\n\n\n\n<p>Los problemas gastrointestinales y la urolitiasis se producen con una alimentaci\u00f3n inadecuada. Las enfermedades infecciosas de los ojos y los o\u00eddos se producen con un cuidado inadecuado. Contacte con su veterinario inmediatamente ante cualquier sospecha de enfermedad.<\/p>\n\n\n<h2 class=\"wp-block-heading\" id=\"nutricion\">Nutrici\u00f3n<\/h2>\n\n\n<p>El sabueso de Istria de pelo corto es un perro en\u00e9rgico y \u00e1gil que necesita una dieta equilibrada. Debe recibir vitaminas y minerales con su comida. Las frutas, verduras y cereales frescos, ricos en fibra y micronutrientes, favorecen la inmunidad. Los l\u00e1cteos y los productos l\u00e1cteos fermentados contienen calcio. Tienen un efecto positivo en el estado de los huesos del perro de cuatro patas. D\u00e9 a su perro reques\u00f3n, leche, cocine gachas a base de ellos.<\/p>\n\n\n\n<p>No te olvides de la carne, el pescado y los subproductos para el funcionamiento normal del organismo de tu perro. Si no tienes tiempo para preparar comida natural para tu mascota, compra alimentos secos complejos. Estos contienen vitaminas esenciales para mantener fuerte el sistema inmunitario de tu mascota.<\/p>\n\n\n\n","protected":false},"excerpt":{"rendered":"<p>El sabueso de Istria de pelo corto es un t\u00edpico perro de caza, \u00e1gil y con un car\u00e1cter obstinado. La mascota es tranquila, amable con las personas sin mostrar agresividad. Se puede llevar al perro no s\u00f3lo para la caza, sino tambi\u00e9n como fiel compa\u00f1ero de hogar. El representante de la raza se apega r\u00e1pidamente [&hellip;]<\/p>\n","protected":false},"author":2,"featured_media":3957,"comment_status":"open","ping_status":"open","sticky":false,"template":"","format":"standard","meta":{"_acf_changed":false,"inline_featured_image":false,"pgc_sgb_lightbox_settings":"","footnotes":""},"categories":[271],"tags":[224,243,250],"class_list":["post-3962","post","type-post","status-publish","format-standard","has-post-thumbnail","hentry","category-razas-de-perros","tag-razas-de-perros-de-caza","tag-razas-de-perros-de-pelo-liso","tag-razas-de-perros-medianos"],"acf":[],"_links":{"self":[{"href":"https:\/\/fello.pet\/es\/wp-json\/wp\/v2\/posts\/3962","targetHints":{"allow":["GET"]}}],"collection":[{"href":"https:\/\/fello.pet\/es\/wp-json\/wp\/v2\/posts"}],"about":[{"href":"https:\/\/fello.pet\/es\/wp-json\/wp\/v2\/types\/post"}],"author":[{"embeddable":true,"href":"https:\/\/fello.pet\/es\/wp-json\/wp\/v2\/users\/2"}],"replies":[{"embeddable":true,"href":"https:\/\/fello.pet\/es\/wp-json\/wp\/v2\/comments?post=3962"}],"version-history":[{"count":1,"href":"https:\/\/fello.pet\/es\/wp-json\/wp\/v2\/posts\/3962\/revisions"}],"predecessor-version":[{"id":3963,"href":"https:\/\/fello.pet\/es\/wp-json\/wp\/v2\/posts\/3962\/revisions\/3963"}],"wp:featuredmedia":[{"embeddable":true,"href":"https:\/\/fello.pet\/es\/wp-json\/wp\/v2\/media\/3957"}],"wp:attachment":[{"href":"https:\/\/fello.pet\/es\/wp-json\/wp\/v2\/media?parent=3962"}],"wp:term":[{"taxonomy":"category","embeddable":true,"href":"https:\/\/fello.pet\/es\/wp-json\/wp\/v2\/categories?post=3962"},{"taxonomy":"post_tag","embeddable":true,"href":"https:\/\/fello.pet\/es\/wp-json\/wp\/v2\/tags?post=3962"}],"curies":[{"name":"wp","href":"https:\/\/api.w.org\/{rel}","templated":true}]}}