
{"id":1486,"date":"2022-04-04T09:40:20","date_gmt":"2022-04-04T09:40:20","guid":{"rendered":"https:\/\/fello.pet\/?p=1486"},"modified":"2022-04-04T14:09:11","modified_gmt":"2022-04-04T14:09:11","slug":"doberman","status":"publish","type":"post","link":"https:\/\/fello.pet\/es\/doberman\/","title":{"rendered":"D\u00f3berman"},"content":{"rendered":"\n<p><strong><em>Es un perro muy inteligente y observador, ideal para la vigilancia del hogar, ya que se considera su caracter\u00edstica el control constante y la atenci\u00f3n. Se lleva bien con los ni\u00f1os y no es agresivo, aunque le molesten. Los d\u00f3bermans suelen percibir todo como su propiedad. As\u00ed que puede estar seguro de que su casa, sus hijos y su hogar est\u00e1n siempre a salvo si tiene este perro en casa.<\/em><\/strong><\/p>\n\n\n\n<div class=\"wp-block-columns is-layout-flex wp-container-core-columns-is-layout-9d6595d7 wp-block-columns-is-layout-flex\">\n<div class=\"wp-block-column is-layout-flow wp-block-column-is-layout-flow\"><h2 class=\"simpletoc-title\">Tabla de \u0421ontenido<\/h2>\n<ul class=\"simpletoc-list\">\n<li><a href=\"#informacion-de-la-raza\">Informaci\u00f3n de la Raza<\/a>\n\n<\/li>\n<li><a href=\"#fotos-de-la-raza\">Fotos de la Raza<\/a>\n\n<\/li>\n<li><a href=\"#historia-de-origen\">Historia de Origen<\/a>\n\n<\/li>\n<li><a href=\"#apariencia\">Apariencia<\/a>\n\n<\/li>\n<li><a href=\"#personaje\">Personaje<\/a>\n\n<\/li>\n<li><a href=\"#cuidado\">Cuidado<\/a>\n\n<\/li>\n<li><a href=\"#formacion\">Formaci\u00f3n<\/a>\n\n<\/li>\n<li><a href=\"#enfermedades-comunes\">Enfermedades Comunes<\/a>\n\n<\/li>\n<li><a href=\"#nutricion\">Nutrici\u00f3n<\/a>\n<\/li><\/ul><\/div>\n\n\n\n<div class=\"wp-block-column is-layout-flow wp-block-column-is-layout-flow\"><h2 class=\"wp-block-heading\" id=\"informacion-de-la-raza\">Informaci\u00f3n de la Raza<\/h2>\n\n\n<figure class=\"wp-block-table alignleft\" style=\"font-size:18px\"><table class=\"has-fixed-layout\"><tbody><tr><td>Otro Nombre<\/td><td>Dobermann, Dobermann pinscher<\/td><\/tr><tr><td>Origen<\/td><td>Alemania<\/td><\/tr><tr><td>Altura<\/td><td>Machos 68-72 cm<br>Hembras 63-68 cm<\/td><\/tr><tr><td>Peso<\/td><td>Machos 40-45 kg<br>Hembras 32-35 kg<\/td><\/tr><tr><td>Pelo<\/td><td>Corto, r\u00edgido, brillante, bien ajustado<\/td><\/tr><tr><td>Color<\/td><td>Negro, marr\u00f3n oscuro, con rojo \u00f3xido, necesariamente marcado, con un patr\u00f3n espec\u00edfico de papal<\/td><\/tr><tr><td>Esperanza de Vida<\/td><td>10-14 a\u00f1os<\/td><\/tr><tr><td>Clasificaci\u00f3n FCI<\/td><td>Perros tipo pinscher y schnauzer &#8211; Molosoides &#8211; Perros tipo monta\u00f1a y boyeros suizos<\/td><\/tr><tr><td>Grupo<\/td><td>Perros guardianes, perros de protecci\u00f3n<\/td><\/tr><tr><td>Precio<\/td><td>$600-1400<\/td><\/tr><\/tbody><\/table><\/figure>\n<\/div>\n<\/div>\n\n\n<h2 class=\"wp-block-heading\" id=\"fotos-de-la-raza\">Fotos de la Raza<\/h2>\n\n<div class=\"pgc-sgb-cb wp-block-pgcsimplygalleryblock-justified \" data-gallery-id=\"07f04203\"><div class=\"sgb-preloader\" id=\"pr_07f04203\">\n\t<div class=\"sgb-square\" style=\"background:#d4d4d4\"><\/div>\n\t<div class=\"sgb-square\" style=\"background:#d4d4d4\"><\/div>\n\t<div class=\"sgb-square\" style=\"background:#d4d4d4\"><\/div>\n\t<div class=\"sgb-square\" style=\"background:#d4d4d4\"><\/div><\/div><div class=\"simply-gallery-amp pgc_sgb_slider \"><noscript><div class=\"sgb-gallery\"><div class=\"sgb-item\"><a href=\"https:\/\/fello.pet\/?attachment_id=1483#main\" target=\"_blank\"><img decoding=\"async\" alt=\"Dobermann\" width=\"527\" height=\"400\" loading=\"lazy\" src=\"https:\/\/fello.pet\/wp-content\/uploads\/2022\/04\/Dobermann-1-527x400.jpg\" srcset=\"https:\/\/fello.pet\/wp-content\/uploads\/2022\/04\/Dobermann-1-527x400.jpg 527w,https:\/\/fello.pet\/wp-content\/uploads\/2022\/04\/Dobermann-1.jpg 563w\" sizes=\"auto, 250px\"\/><\/a><\/div><div class=\"sgb-item\"><a href=\"https:\/\/fello.pet\/?attachment_id=1481#main\" target=\"_blank\"><img decoding=\"async\" alt=\"Dobermann\" width=\"322\" height=\"400\" loading=\"lazy\" src=\"https:\/\/fello.pet\/wp-content\/uploads\/2022\/04\/Dobermann-2-322x400.jpg\" srcset=\"https:\/\/fello.pet\/wp-content\/uploads\/2022\/04\/Dobermann-2-322x400.jpg 322w,https:\/\/fello.pet\/wp-content\/uploads\/2022\/04\/Dobermann-2.jpg 564w\" sizes=\"auto, 250px\"\/><\/a><\/div><div class=\"sgb-item\"><a href=\"https:\/\/fello.pet\/?attachment_id=1479#main\" target=\"_blank\"><img decoding=\"async\" alt=\"Dobermann\" width=\"267\" height=\"400\" loading=\"lazy\" src=\"https:\/\/fello.pet\/wp-content\/uploads\/2022\/04\/Dobermann-3-267x400.jpg\" srcset=\"https:\/\/fello.pet\/wp-content\/uploads\/2022\/04\/Dobermann-3-267x400.jpg 267w,https:\/\/fello.pet\/wp-content\/uploads\/2022\/04\/Dobermann-3-533x800.jpg 533w,https:\/\/fello.pet\/wp-content\/uploads\/2022\/04\/Dobermann-3.jpg 564w\" sizes=\"auto, 250px\"\/><\/a><\/div><div class=\"sgb-item\"><a href=\"https:\/\/fello.pet\/?attachment_id=1477#main\" target=\"_blank\"><img decoding=\"async\" alt=\"Dobermann\" width=\"337\" height=\"400\" loading=\"lazy\" src=\"https:\/\/fello.pet\/wp-content\/uploads\/2022\/04\/Dobermann-4-337x400.jpg\" srcset=\"https:\/\/fello.pet\/wp-content\/uploads\/2022\/04\/Dobermann-4-337x400.jpg 337w,https:\/\/fello.pet\/wp-content\/uploads\/2022\/04\/Dobermann-4.jpg 564w\" sizes=\"auto, 250px\"\/><\/a><\/div><\/div><\/noscript><\/div><script type=\"application\/json\" class=\"sgb-data\">{\"lastRowFill\":true,\"collectionThumbRecomendedHeight\":300,\"collectionThumbMiniScreenScale\":true,\"externalLink\":false,\"collectionThumbSubMenuDownload\":false,\"collectionThumbSubMenuShare\":false,\"galleryType\":\"pgc_sgb_justified\",\"galleryId\":\"07f04203\",\"images\":[{\"id\":1483,\"title\":\"Dobermann\",\"url\":\"https:\/\/fello.pet\/wp-content\/uploads\/2022\/04\/Dobermann-1.jpg\",\"link\":\"https:\/\/fello.pet\/?attachment_id=1483#main\",\"alt\":\"Dobermann\",\"description\":\"\",\"caption\":\"\",\"mime\":\"image\/jpeg\",\"type\":\"image\",\"width\":563,\"height\":427,\"sizes\":{\"thumbnail\":{\"url\":\"https:\/\/fello.pet\/wp-content\/uploads\/2022\/04\/Dobermann-1-280x280.jpg\",\"height\":280,\"width\":280,\"orientation\":\"landscape\"},\"medium\":{\"url\":\"https:\/\/fello.pet\/wp-content\/uploads\/2022\/04\/Dobermann-1-527x400.jpg\",\"height\":400,\"width\":527,\"orientation\":\"landscape\"},\"full\":{\"url\":\"https:\/\/fello.pet\/wp-content\/uploads\/2022\/04\/Dobermann-1.jpg\",\"height\":427,\"width\":563,\"orientation\":\"landscape\"}},\"meta\":false,\"postlink\":\"https:\/\/fello.pet\/?attachment_id=1483#main\"},{\"id\":1481,\"title\":\"Dobermann\",\"url\":\"https:\/\/fello.pet\/wp-content\/uploads\/2022\/04\/Dobermann-2.jpg\",\"link\":\"https:\/\/fello.pet\/?attachment_id=1481#main\",\"alt\":\"Dobermann\",\"description\":\"\",\"caption\":\"\",\"mime\":\"image\/jpeg\",\"type\":\"image\",\"width\":564,\"height\":701,\"sizes\":{\"thumbnail\":{\"url\":\"https:\/\/fello.pet\/wp-content\/uploads\/2022\/04\/Dobermann-2-280x280.jpg\",\"height\":280,\"width\":280,\"orientation\":\"landscape\"},\"medium\":{\"url\":\"https:\/\/fello.pet\/wp-content\/uploads\/2022\/04\/Dobermann-2-322x400.jpg\",\"height\":400,\"width\":322,\"orientation\":\"portrait\"},\"full\":{\"url\":\"https:\/\/fello.pet\/wp-content\/uploads\/2022\/04\/Dobermann-2.jpg\",\"height\":701,\"width\":564,\"orientation\":\"portrait\"}},\"meta\":false,\"postlink\":\"https:\/\/fello.pet\/?attachment_id=1481#main\"},{\"id\":1479,\"title\":\"Dobermann\",\"url\":\"https:\/\/fello.pet\/wp-content\/uploads\/2022\/04\/Dobermann-3.jpg\",\"link\":\"https:\/\/fello.pet\/?attachment_id=1479#main\",\"alt\":\"Dobermann\",\"description\":\"\",\"caption\":\"\",\"mime\":\"image\/jpeg\",\"type\":\"image\",\"width\":564,\"height\":846,\"sizes\":{\"thumbnail\":{\"url\":\"https:\/\/fello.pet\/wp-content\/uploads\/2022\/04\/Dobermann-3-280x280.jpg\",\"height\":280,\"width\":280,\"orientation\":\"landscape\"},\"medium\":{\"url\":\"https:\/\/fello.pet\/wp-content\/uploads\/2022\/04\/Dobermann-3-267x400.jpg\",\"height\":400,\"width\":267,\"orientation\":\"portrait\"},\"large\":{\"url\":\"https:\/\/fello.pet\/wp-content\/uploads\/2022\/04\/Dobermann-3-533x800.jpg\",\"height\":800,\"width\":533,\"orientation\":\"portrait\"},\"full\":{\"url\":\"https:\/\/fello.pet\/wp-content\/uploads\/2022\/04\/Dobermann-3.jpg\",\"height\":846,\"width\":564,\"orientation\":\"portrait\"}},\"meta\":false,\"postlink\":\"https:\/\/fello.pet\/?attachment_id=1479#main\"},{\"id\":1477,\"title\":\"Dobermann\",\"url\":\"https:\/\/fello.pet\/wp-content\/uploads\/2022\/04\/Dobermann-4.jpg\",\"link\":\"https:\/\/fello.pet\/?attachment_id=1477#main\",\"alt\":\"Dobermann\",\"description\":\"\",\"caption\":\"\",\"mime\":\"image\/jpeg\",\"type\":\"image\",\"width\":564,\"height\":669,\"sizes\":{\"thumbnail\":{\"url\":\"https:\/\/fello.pet\/wp-content\/uploads\/2022\/04\/Dobermann-4-280x280.jpg\",\"height\":280,\"width\":280,\"orientation\":\"landscape\"},\"medium\":{\"url\":\"https:\/\/fello.pet\/wp-content\/uploads\/2022\/04\/Dobermann-4-337x400.jpg\",\"height\":400,\"width\":337,\"orientation\":\"portrait\"},\"full\":{\"url\":\"https:\/\/fello.pet\/wp-content\/uploads\/2022\/04\/Dobermann-4.jpg\",\"height\":669,\"width\":564,\"orientation\":\"portrait\"}},\"meta\":false,\"postlink\":\"https:\/\/fello.pet\/?attachment_id=1477#main\"}],\"itemsMetaDataCollection\":[],\"galleryData\":\"{\\u0022pageMode\\u0022:false,\\u0022lastRowFill\\u0022:false,\\u0022collectionThumbRecomendedHeight\\u0022:200,\\u0022collectionThumbMiniScreenScale\\u0022:false,\\u0022thumbSpacing\\u0022:5,\\u0022externalLink\\u0022:true,\\u0022externalLinkDefName\\u0022:\\u0022Read More\\u0022,\\u0022externalLinkTextColor\\u0022:\\u0022rgba(0,0,0,1)\\u0022,\\u0022externalLinkBgColor\\u0022:\\u0022rgba(255,255,255,1)\\u0022,\\u0022externalLinkFontSize\\u0022:18,\\u0022captions\\u0022:true,\\u0022captionSrc\\u0022:\\u0022caption\\u0022,\\u0022captionHAlign\\u0022:\\u0022top\\u0022,\\u0022collectionthumbHoverTitleFontSize\\u0022:18,\\u0022collectionthumbRoundedCorners\\u0022:0,\\u0022collectionthumbHoverTitleTextColor\\u0022:\\u0022rgba(255,255,255,1)\\u0022,\\u0022collectionthumbHoverTitleTextBgColor\\u0022:\\u0022rgba(0,0,0,0.8)\\u0022,\\u0022collectionthumbHoverBgColor\\u0022:\\u0022rgba(0,0,0,0.4)\\u0022,\\u0022collectionThumbSubMenuDownload\\u0022:true,\\u0022collectionThumbSubMenuShare\\u0022:true,\\u0022collectionThumbSubMenuBgColor\\u0022:\\u0022rgba(0,0,0,0.4)\\u0022,\\u0022collectionThumbSubMenuBgColorHover\\u0022:\\u0022rgba(255,255,255,1)\\u0022,\\u0022collectionThumbSubMenuIconColor\\u0022:\\u0022rgba(255,255,255,1)\\u0022,\\u0022collectionThumbSubMenuIconColorHover\\u0022:\\u0022rgba(0,0,0,1)\\u0022,\\u0022settingsModalIsOpen\\u0022:false,\\u0022galleryType\\u0022:\\u0022pgc_sgb_justified\\u0022,\\u0022align\\u0022:\\u0022\\u0022,\\u0022galleryId\\u0022:\\u002207f04203\\u0022,\\u0022tagsListCustomMode\\u0022:false,\\u0022initGalleryByFirstTag\\u0022:false,\\u0022deepLinkingForTag\\u0022:false,\\u0022galleryTagsList\\u0022:[],\\u0022useClobalSettings\\u0022:true,\\u0022orderBy\\u0022:\\u0022custom\\u0022,\\u0022deepLinking\\u0022:false,\\u0022useLightbox\\u0022:true,\\u0022thumbClickAction\\u0022:\\u0022useLightbox\\u0022,\\u0022numItemsDisplayed\\u0022:0,\\u0022lazyLoading\\u0022:true,\\u0022contentNoPadding\\u0022:false,\\u0022galleryPreloaderColor\\u0022:\\u0022rgba(230,230,230,1)\\u0022,\\u0022galleryBgColor\\u0022:\\u0022rgba(0,0,0,0)\\u0022,\\u0022galleryBorderRadius\\u0022:0,\\u0022customCSS\\u0022:\\u0022\\u0022,\\u0022itemsPerPage\\u0022:20,\\u0022loadMoreDefName\\u0022:\\u0022Load More\\u0022,\\u0022loadMoreFontSize\\u0022:16,\\u0022loadMoreTextColor\\u0022:\\u0022rgba(255,255,255,1)\\u0022,\\u0022loadMoreBgColor\\u0022:\\u0022rgba(0,0,0,1)\\u0022,\\u0022tagsFilter\\u0022:false,\\u0022tagCloudAll\\u0022:\\u0022All\\u0022,\\u0022tagCloudBgColor\\u0022:\\u0022rgba(153,153,153,1)\\u0022,\\u0022tagCloudBgColorOver\\u0022:\\u0022rgba(253,253,253,1)\\u0022,\\u0022tagCloudTextColor\\u0022:\\u0022rgba(253,253,253,1)\\u0022,\\u0022tagCloudTextColorOver\\u0022:\\u0022rgba(153,153,153,1)\\u0022,\\u0022tagCloudFontSize\\u0022:16,\\u0022modaBgColor\\u0022:\\u0022rgba(0,0,0,0.8)\\u0022,\\u0022modalIconColor\\u0022:\\u0022rgba(255,255,255,1)\\u0022,\\u0022modalIconColorHover\\u0022:\\u0022rgba(255,255,255,0.8)\\u0022,\\u0022shareFacebook\\u0022:true,\\u0022shareTwitter\\u0022:true,\\u0022sharePinterest\\u0022:true,\\u0022sliderItemDownload\\u0022:true,\\u0022shareCopyLink\\u0022:true,\\u0022sharePost\\u0022:\\u0022sharelink\\u0022,\\u0022copyRProtection\\u0022:false,\\u0022copyRAlert\\u0022:\\u0022Hello, this photo is mine!\\u0022,\\u0022sliderScrollNavi\\u0022:false,\\u0022sliderFullSizeViewMode\\u0022:false,\\u0022sliderNextPrevAnimation\\u0022:\\u0022animation\\u0022,\\u0022galleryScrollPositionControll\\u0022:false,\\u0022sliderVideoAutoPlay\\u0022:false,\\u0022sliderVideoLoop\\u0022:false,\\u0022sliderItemCounterEnable\\u0022:true,\\u0022sliderCaptionSrc\\u0022:\\u0022caption\\u0022,\\u0022sliderItemTitleEnable\\u0022:false,\\u0022sliderItemTitleFontSize\\u0022:18,\\u0022sliderItemTitleTextColor\\u0022:\\u0022rgba(255,255,255,1)\\u0022,\\u0022itemCounterColor\\u0022:\\u0022rgba(255,255,255,1)\\u0022,\\u0022sliderThumbBarEnable\\u0022:true,\\u0022sliderThumbBarHoverColor\\u0022:\\u0022rgba(240,240,240,1)\\u0022,\\u0022sliderBgColor\\u0022:\\u0022rgba(0,0,0,0.8)\\u0022,\\u0022sliderPreloaderColor\\u0022:\\u0022rgba(240,240,240,1)\\u0022,\\u0022sliderHeaderFooterBgColor\\u0022:\\u0022rgba(0,0,0,0.4)\\u0022,\\u0022sliderNavigationColor\\u0022:\\u0022rgba(0,0,0,1)\\u0022,\\u0022sliderNavigationColorOver\\u0022:\\u0022rgba(255,255,255,1)\\u0022,\\u0022sliderNavigationIconColor\\u0022:\\u0022rgba(255,255,255,1)\\u0022,\\u0022sliderNavigationIconColorOver\\u0022:\\u0022rgba(0,0,0,1)\\u0022,\\u0022sliderSlideshow\\u0022:true,\\u0022sliderSlideshowDelay\\u0022:8,\\u0022slideshowIndicatorColor\\u0022:\\u0022rgba(255,255,255,1)\\u0022,\\u0022slideshowIndicatorColorBg\\u0022:\\u0022rgba(255,255,255,0.5)\\u0022,\\u0022sliderThumbSubMenuBackgroundColor\\u0022:\\u0022rgba(255,255,255,0)\\u0022,\\u0022sliderThumbSubMenuBackgroundColorOver\\u0022:\\u0022rgba(255,255,255,1)\\u0022,\\u0022sliderThumbSubMenuIconColor\\u0022:\\u0022rgba(255,255,255,1)\\u0022,\\u0022sliderThumbSubMenuIconHoverColor\\u0022:\\u0022rgba(0,0,0,1)\\u0022,\\u0022sliderSocialShareEnabled\\u0022:true,\\u0022sliderZoomEnable\\u0022:true,\\u0022sliderFullscreenEnabled\\u0022:true,\\u0022skin\\u0022:\\u0022justified\\u0022}\",\"useClobalSettings\":true,\"sharePost\":\"postlink\",\"sliderSocialShareEnabled\":false}<\/script><script>(function(){if(window.PGC_SGB && window.PGC_SGB.searcher){window.PGC_SGB.searcher.initBlocks()}})()<\/script><\/div>\n\n<h2 class=\"wp-block-heading\" id=\"historia-de-origen\">Historia de Origen<\/h2>\n\n\n<p>El Alem\u00e1n Carl Friedrich Louis d\u00f3berman pens\u00f3 que le faltaba un perro que pudiera igualar al m\u00e1ximo sus cualidades de servicio durante su trabajo como polic\u00eda nocturno.<\/p>\n\n\n\n<p>En ese momento, comenz\u00f3 a asistir a exposiciones de animales, donde observ\u00f3 a muchos perros, seleccionando los m\u00e1s adecuados; comenz\u00f3 a trabajar en la creaci\u00f3n de una nueva raza.<\/p>\n\n\n\n<p>Desgraciadamente, no se han conservado registros de qu\u00e9 razas se cruzaron exactamente para criar al d\u00f3berman. Pero incluso entonces, mucha gente empez\u00f3 a comprar estos perros.<\/p>\n\n\n\n<p>Pronto otros cient\u00edficos comenzaron a mejorar la raza. As\u00ed, en 1900, se cre\u00f3 el \u00abClub Nacional del Doberman Pinscher de Alemania\u00bb. El perro d\u00f3berman empez\u00f3 a ganar popularidad y fama en todo el mundo. La FCI (Federaci\u00f3n Cinol\u00f3gica Internacional) reconoci\u00f3 oficialmente la raza en febrero de 1994.<\/p>\n\n\n<h2 class=\"wp-block-heading\" id=\"apariencia\">Apariencia<\/h2>\n\n\n<p>El d\u00f3berman es un perro hermoso y de aspecto noble. Tienen huesos fuertes y un cuerpo musculoso. Los cables c es de 68-72 cm, mientras que las perras miden 63-68 cm. El peso tambi\u00e9n var\u00eda en funci\u00f3n del sexo. Los machos pueden tener 40-45 kg, y las hembras 32-35 kg.<\/p>\n\n\n\n<p>Se acostumbra a tener las orejas recortadas. Entonces se plantan relativamente altas, verticales y con extremos puntiagudos. Pero en algunos pa\u00edses, est\u00e1 prohibido el recorte. En este caso, el borde delantero es adyacente a la oreja.<\/p>\n\n\n\n<p>El torso musculoso y el pecho ancho dan la impresi\u00f3n de la incre\u00edble fuerza y potencia del perro.<\/p>\n\n\n\n<p>La cola de una mascota se recorta relativamente corta: es casi invisible. Pero si se proh\u00edbe en el pa\u00eds, la cola permanece alta y parece una l\u00ednea curva.<\/p>\n\n\n\n<p>El pelo de los d\u00f3berman es corto y grueso. Est\u00e1 pegado al cuerpo y no tiene subpelo. Puede ser negro o marr\u00f3n con matices rojos.<\/p>\n\n\n<h2 class=\"wp-block-heading\" id=\"personaje\">Personaje<\/h2>\n\n\n<p>Es un perro muy inteligente y observador, ideal para la vigilancia del hogar, ya que se considera su caracter\u00edstica el control constante y la atenci\u00f3n. Se lleva bien con los ni\u00f1os y no es agresivo, aunque le molesten.<\/p>\n\n\n\n<p>Los d\u00f3bermans suelen percibir todo como su propiedad. As\u00ed que puede estar seguro de que su casa, sus hijos y su hogar est\u00e1n siempre a salvo si tiene este perro en casa.<\/p>\n\n\n\n<p>Los d\u00f3berman son muy leales, intr\u00e9pidos y bien disciplinados. Entienden la diferencia entre el bien y el mal y lo que se puede y no se puede hacer. Son hostiles a los extra\u00f1os, por lo que se les suele pasear con bozal. Pueden compartir territorio con otros animales, pero deben conocerlos desde cachorros.<\/p>\n\n\n<h2 class=\"wp-block-heading\" id=\"cuidado\">Cuidado<\/h2>\n\n\n<p>Los perros de esta raza pueden vivir en un apartamento de la ciudad sin problemas. Si vive en una casa, ser\u00eda mejor ponerlo en un recinto. Al mismo tiempo, es conveniente que no est\u00e9 al sol, ya que los d\u00f3berman no toleran muy bien el calor. En invierno, es aconsejable llevar al perro al interior.<\/p>\n\n\n\n<p>El cuidado del perro no es complicado, ya que no tiene un pelo importante y largo. Varias veces a la semana, es aconsejable para limpiar el d\u00f3berman con una toalla h\u00fameda, peine, y usted puede dar masajes a un tiempo.<\/p>\n\n\n\n<p>No se ba\u00f1e m\u00e1s de una vez cada seis meses. Lavar los ojos y las orejas con regularidad. Las garras suelen cortarse solas, pero si no es as\u00ed, se pueden recortar. Es aconsejable ense\u00f1ar al d\u00f3berman a llevar bozal a partir de los seis meses de edad.<\/p>\n\n\n\n<p>El perro no es muy resistente a las inclemencias del tiempo, por lo que puede comprarle ropa en invierno.<\/p>\n\n\n<h2 class=\"wp-block-heading\" id=\"formacion\">Formaci\u00f3n<\/h2>\n\n\n<p>Esta raza se considera una de las mejores para el adiestramiento. Si el d\u00f3berman siente su autoridad y fuerza, ser\u00e1 f\u00e1cil ense\u00f1arle varias \u00f3rdenes. Memorizan la informaci\u00f3n con facilidad y tratan de complacer a su due\u00f1o. Aseg\u00farese de que siempre haya juguetes en la casa porque a los d\u00f3berman les encanta jugar.<\/p>\n\n\n\n<p>El adiestramiento diario debe ense\u00f1arse desde una edad temprana, ya que los cachorros son m\u00e1s proclives a la obediencia. Por lo general, los perros machos se sienten m\u00e1s c\u00f3modos de adiestrar que las hembras. Para obtener los mejores resultados, puede confiar el adiestramiento a profesionales.<\/p>\n\n\n<h2 class=\"wp-block-heading\" id=\"enfermedades-comunes\">Enfermedades Comunes<\/h2>\n\n\n<p>A pesar de su excelente salud, los d\u00f3berman pueden padecer enfermedades card\u00edacas, problemas respiratorios, narcolepsia y alergias.<\/p>\n\n\n<h2 class=\"wp-block-heading\" id=\"nutricion\">Nutrici\u00f3n<\/h2>\n\n\n<p>Ayudar\u00eda si se alimentara con una dieta equilibrada. La carne cruda debe ser la base de la dieta. Tambi\u00e9n puedes darle pescado, verduras y frutas, pero no azucaradas. A\u00f1ade productos l\u00e1cteos a la dieta.<\/p>\n\n\n\n","protected":false},"excerpt":{"rendered":"<p>Es un perro muy inteligente y observador, ideal para la vigilancia del hogar, ya que se considera su caracter\u00edstica el control constante y la atenci\u00f3n. Se lleva bien con los ni\u00f1os y no es agresivo, aunque le molesten. Los d\u00f3bermans suelen percibir todo como su propiedad. As\u00ed que puede estar seguro de que su casa, [&hellip;]<\/p>\n","protected":false},"author":2,"featured_media":1484,"comment_status":"open","ping_status":"open","sticky":false,"template":"","format":"standard","meta":{"_acf_changed":false,"inline_featured_image":false,"pgc_sgb_lightbox_settings":"","footnotes":""},"categories":[271],"tags":[236,228,243,264,249,226,258,229,260,254],"class_list":["post-1486","post","type-post","status-publish","format-standard","has-post-thumbnail","hentry","category-razas-de-perros","tag-razas-de-perros-alemanes","tag-razas-de-perros-de-pelea","tag-razas-de-perros-de-pelo-liso","tag-razas-de-perros-de-servicio","tag-razas-de-perros-grandes","tag-razas-de-perros-guardianes","tag-razas-de-perros-inteligentes","tag-razas-de-perros-para-apartamentos","tag-razas-de-perros-peligrosas","tag-razas-de-perros-populares"],"acf":[],"_links":{"self":[{"href":"https:\/\/fello.pet\/es\/wp-json\/wp\/v2\/posts\/1486","targetHints":{"allow":["GET"]}}],"collection":[{"href":"https:\/\/fello.pet\/es\/wp-json\/wp\/v2\/posts"}],"about":[{"href":"https:\/\/fello.pet\/es\/wp-json\/wp\/v2\/types\/post"}],"author":[{"embeddable":true,"href":"https:\/\/fello.pet\/es\/wp-json\/wp\/v2\/users\/2"}],"replies":[{"embeddable":true,"href":"https:\/\/fello.pet\/es\/wp-json\/wp\/v2\/comments?post=1486"}],"version-history":[{"count":3,"href":"https:\/\/fello.pet\/es\/wp-json\/wp\/v2\/posts\/1486\/revisions"}],"predecessor-version":[{"id":1556,"href":"https:\/\/fello.pet\/es\/wp-json\/wp\/v2\/posts\/1486\/revisions\/1556"}],"wp:featuredmedia":[{"embeddable":true,"href":"https:\/\/fello.pet\/es\/wp-json\/wp\/v2\/media\/1484"}],"wp:attachment":[{"href":"https:\/\/fello.pet\/es\/wp-json\/wp\/v2\/media?parent=1486"}],"wp:term":[{"taxonomy":"category","embeddable":true,"href":"https:\/\/fello.pet\/es\/wp-json\/wp\/v2\/categories?post=1486"},{"taxonomy":"post_tag","embeddable":true,"href":"https:\/\/fello.pet\/es\/wp-json\/wp\/v2\/tags?post=1486"}],"curies":[{"name":"wp","href":"https:\/\/api.w.org\/{rel}","templated":true}]}}