
{"id":12359,"date":"2022-09-02T12:46:07","date_gmt":"2022-09-02T12:46:07","guid":{"rendered":"https:\/\/fello.pet\/?p=12359"},"modified":"2022-09-02T12:51:13","modified_gmt":"2022-09-02T12:51:13","slug":"ural-rex-de-pelo-corto","status":"publish","type":"post","link":"https:\/\/fello.pet\/es\/ural-rex-de-pelo-corto\/","title":{"rendered":"Ural Rex de Pelo Corto"},"content":{"rendered":"\n<p><strong><em>El Ural Rex de pelo corto es un miembro de la familia cari\u00f1oso y amistoso. Est\u00e1 muy apegado a su due\u00f1o y no tolera la soledad. Por lo tanto, no se adaptar\u00e1 a una persona que falte constantemente al trabajo. Sobre el Ural Rex de pelo corto, se dice que es amable y tolerante absolutamente con todo el mundo. Se refiere tanto a los extra\u00f1os como a otras mascotas. Adem\u00e1s, el Ural Rex no es agresivo. Con los ni\u00f1os de cualquier edad encontrar\u00e1 perfectamente un lenguaje com\u00fan.<\/em><\/strong><\/p>\n\n\n\n<div class=\"wp-block-columns is-layout-flex wp-container-core-columns-is-layout-9d6595d7 wp-block-columns-is-layout-flex\">\n<div class=\"wp-block-column is-layout-flow wp-block-column-is-layout-flow\"><h2 class=\"simpletoc-title\">Tabla de \u0421ontenido<\/h2>\n<ul class=\"simpletoc-list\">\n<li><a href=\"#informacion-de-la-raza\">Informaci\u00f3n de la Raza<\/a>\n\n<\/li>\n<li><a href=\"#fotos-de-la-raza\">Fotos de la Raza<\/a>\n\n<\/li>\n<li><a href=\"#historia-de-origen\">Historia de Origen<\/a>\n\n<\/li>\n<li><a href=\"#apariencia\">Apariencia<\/a>\n\n<\/li>\n<li><a href=\"#personaje\">Personaje<\/a>\n\n<\/li>\n<li><a href=\"#cuidado\">Cuidado<\/a>\n\n<\/li>\n<li><a href=\"#educacion\">Educaci\u00f3n<\/a>\n\n<\/li>\n<li><a href=\"#enfermedades-comunes\">Enfermedades Comunes<\/a>\n\n<\/li>\n<li><a href=\"#nutricion\">Nutrici\u00f3n<\/a>\n<\/li><\/ul><\/div>\n\n\n\n<div class=\"wp-block-column is-layout-flow wp-block-column-is-layout-flow\"><h2 class=\"wp-block-heading\" id=\"informacion-de-la-raza\">Informaci\u00f3n de la Raza<\/h2>\n\n\n<figure class=\"wp-block-table alignleft\" style=\"font-size:18px\"><table class=\"has-fixed-layout\"><tbody><tr><td>Origen<\/td><td>Rusia<\/td><\/tr><tr><td>Tama\u00f1o<\/td><td>Machos 26-27 cm<br>Hembras 25-26 cm<\/td><\/tr><tr><td>Peso<\/td><td>Machos 4-6 kg<br>Hembras 3-4 kg<\/td><\/tr><tr><td>Tipo de Piel<\/td><td>Pelo corto<\/td><\/tr><tr><td>Color<\/td><td>Cualquier variaci\u00f3n de color es posible<\/td><\/tr><tr><td>Estilo de Vida<\/td><td>Al aire libre, <br>en el interior<\/td><\/tr><tr><td>Esperanza de Vida<\/td><td>12-16 a\u00f1os<\/td><\/tr><tr><td>Clasificaci\u00f3n FIFe<\/td><td>\u2013<\/td><\/tr><tr><td>Clasificaci\u00f3n WCF<\/td><td>Grupo 3: \u00abPelo corto\u00bb Designaci\u00f3n de la raza \u2013 URS<\/td><\/tr><tr><td>Clasificaci\u00f3n TICA<\/td><td>\u2013<\/td><\/tr><tr><td>Grupo<\/td><td>Gatos de pelo corto<\/td><\/tr><tr><td>Precio<\/td><td>$300-800<\/td><\/tr><\/tbody><\/table><\/figure>\n<\/div>\n<\/div>\n\n\n<h2 class=\"wp-block-heading\" id=\"fotos-de-la-raza\">Fotos de la Raza<\/h2>\n\n<div class=\"pgc-sgb-cb wp-block-pgcsimplygalleryblock-justified \" data-gallery-id=\"3aa63485\"><div class=\"sgb-preloader\" id=\"pr_3aa63485\">\n\t<div class=\"sgb-square\" style=\"background:#d4d4d4\"><\/div>\n\t<div class=\"sgb-square\" style=\"background:#d4d4d4\"><\/div>\n\t<div class=\"sgb-square\" style=\"background:#d4d4d4\"><\/div>\n\t<div class=\"sgb-square\" style=\"background:#d4d4d4\"><\/div><\/div><div class=\"simply-gallery-amp pgc_sgb_slider \"><noscript><div class=\"sgb-gallery\"><div class=\"sgb-item\"><a href=\"https:\/\/fello.pet\/?attachment_id=12350#main\" target=\"_blank\"><img decoding=\"async\" alt=\"Ural Rex Shorthair\" width=\"480\" height=\"340\" loading=\"lazy\" src=\"https:\/\/fello.pet\/wp-content\/uploads\/2022\/09\/Ural-Rex-Shorthair-1.jpg\" srcset=\",https:\/\/fello.pet\/wp-content\/uploads\/2022\/09\/Ural-Rex-Shorthair-1.jpg 480w\" sizes=\"auto, 250px\"\/><\/a><\/div><div class=\"sgb-item\"><a href=\"https:\/\/fello.pet\/?attachment_id=12346#main\" target=\"_blank\"><img decoding=\"async\" alt=\"Ural Rex Shorthair\" width=\"256\" height=\"400\" loading=\"lazy\" src=\"https:\/\/fello.pet\/wp-content\/uploads\/2022\/09\/Ural-Rex-Shorthair-3-256x400.jpg\" srcset=\"https:\/\/fello.pet\/wp-content\/uploads\/2022\/09\/Ural-Rex-Shorthair-3-256x400.jpg 256w,https:\/\/fello.pet\/wp-content\/uploads\/2022\/09\/Ural-Rex-Shorthair-3.jpg 384w\" sizes=\"auto, 250px\"\/><\/a><\/div><div class=\"sgb-item\"><a href=\"https:\/\/fello.pet\/?attachment_id=12342#main\" target=\"_blank\"><img decoding=\"async\" alt=\"Ural Rex Shorthair\" width=\"236\" height=\"400\" loading=\"lazy\" src=\"https:\/\/fello.pet\/wp-content\/uploads\/2022\/09\/Ural-Rex-Shorthair-4-236x400.jpg\" srcset=\"https:\/\/fello.pet\/wp-content\/uploads\/2022\/09\/Ural-Rex-Shorthair-4-236x400.jpg 236w,https:\/\/fello.pet\/wp-content\/uploads\/2022\/09\/Ural-Rex-Shorthair-4-472x800.jpg 472w,https:\/\/fello.pet\/wp-content\/uploads\/2022\/09\/Ural-Rex-Shorthair-4.jpg 781w\" sizes=\"auto, 250px\"\/><\/a><\/div><div class=\"sgb-item\"><a href=\"https:\/\/fello.pet\/?attachment_id=12354#main\" target=\"_blank\"><img decoding=\"async\" alt=\"Ural Rex Shorthair\" width=\"600\" height=\"400\" loading=\"lazy\" src=\"https:\/\/fello.pet\/wp-content\/uploads\/2022\/09\/Ural-Rex-Shorthair-2-600x400.jpg\" srcset=\"https:\/\/fello.pet\/wp-content\/uploads\/2022\/09\/Ural-Rex-Shorthair-2-600x400.jpg 600w,https:\/\/fello.pet\/wp-content\/uploads\/2022\/09\/Ural-Rex-Shorthair-2-1200x800.jpg 1200w,https:\/\/fello.pet\/wp-content\/uploads\/2022\/09\/Ural-Rex-Shorthair-2.jpg 1280w\" sizes=\"auto, 250px\"\/><\/a><\/div><\/div><\/noscript><\/div><script type=\"application\/json\" class=\"sgb-data\">{\"lastRowFill\":true,\"collectionThumbRecomendedHeight\":300,\"collectionThumbMiniScreenScale\":true,\"externalLink\":false,\"collectionThumbSubMenuDownload\":false,\"collectionThumbSubMenuShare\":false,\"galleryType\":\"pgc_sgb_justified\",\"galleryId\":\"3aa63485\",\"images\":[{\"id\":12350,\"title\":\"Ural Rex Shorthair\",\"url\":\"https:\/\/fello.pet\/wp-content\/uploads\/2022\/09\/Ural-Rex-Shorthair-1.jpg\",\"link\":\"https:\/\/fello.pet\/?attachment_id=12350#main\",\"alt\":\"Ural Rex Shorthair\",\"description\":\"\",\"caption\":\"\",\"mime\":\"image\/jpeg\",\"type\":\"image\",\"width\":480,\"height\":340,\"sizes\":{\"thumbnail\":{\"url\":\"https:\/\/fello.pet\/wp-content\/uploads\/2022\/09\/Ural-Rex-Shorthair-1-280x280.jpg\",\"height\":280,\"width\":280,\"orientation\":\"landscape\"},\"full\":{\"url\":\"https:\/\/fello.pet\/wp-content\/uploads\/2022\/09\/Ural-Rex-Shorthair-1.jpg\",\"height\":340,\"width\":480,\"orientation\":\"landscape\"}},\"meta\":false,\"postlink\":\"https:\/\/fello.pet\/?attachment_id=12350#main\"},{\"id\":12346,\"title\":\"Ural Rex Shorthair\",\"url\":\"https:\/\/fello.pet\/wp-content\/uploads\/2022\/09\/Ural-Rex-Shorthair-3.jpg\",\"link\":\"https:\/\/fello.pet\/?attachment_id=12346#main\",\"alt\":\"Ural Rex Shorthair\",\"description\":\"\",\"caption\":\"\",\"mime\":\"image\/jpeg\",\"type\":\"image\",\"width\":384,\"height\":600,\"sizes\":{\"thumbnail\":{\"url\":\"https:\/\/fello.pet\/wp-content\/uploads\/2022\/09\/Ural-Rex-Shorthair-3-280x280.jpg\",\"height\":280,\"width\":280,\"orientation\":\"landscape\"},\"medium\":{\"url\":\"https:\/\/fello.pet\/wp-content\/uploads\/2022\/09\/Ural-Rex-Shorthair-3-256x400.jpg\",\"height\":400,\"width\":256,\"orientation\":\"portrait\"},\"full\":{\"url\":\"https:\/\/fello.pet\/wp-content\/uploads\/2022\/09\/Ural-Rex-Shorthair-3.jpg\",\"height\":600,\"width\":384,\"orientation\":\"portrait\"}},\"meta\":false,\"postlink\":\"https:\/\/fello.pet\/?attachment_id=12346#main\"},{\"id\":12342,\"title\":\"Ural Rex Shorthair\",\"url\":\"https:\/\/fello.pet\/wp-content\/uploads\/2022\/09\/Ural-Rex-Shorthair-4.jpg\",\"link\":\"https:\/\/fello.pet\/?attachment_id=12342#main\",\"alt\":\"Ural Rex Shorthair\",\"description\":\"\",\"caption\":\"\",\"mime\":\"image\/jpeg\",\"type\":\"image\",\"width\":781,\"height\":1324,\"sizes\":{\"thumbnail\":{\"url\":\"https:\/\/fello.pet\/wp-content\/uploads\/2022\/09\/Ural-Rex-Shorthair-4-280x280.jpg\",\"height\":280,\"width\":280,\"orientation\":\"landscape\"},\"medium\":{\"url\":\"https:\/\/fello.pet\/wp-content\/uploads\/2022\/09\/Ural-Rex-Shorthair-4-236x400.jpg\",\"height\":400,\"width\":236,\"orientation\":\"portrait\"},\"large\":{\"url\":\"https:\/\/fello.pet\/wp-content\/uploads\/2022\/09\/Ural-Rex-Shorthair-4-472x800.jpg\",\"height\":800,\"width\":472,\"orientation\":\"portrait\"},\"full\":{\"url\":\"https:\/\/fello.pet\/wp-content\/uploads\/2022\/09\/Ural-Rex-Shorthair-4.jpg\",\"height\":1324,\"width\":781,\"orientation\":\"portrait\"}},\"meta\":false,\"postlink\":\"https:\/\/fello.pet\/?attachment_id=12342#main\"},{\"id\":12354,\"title\":\"Ural Rex Shorthair\",\"url\":\"https:\/\/fello.pet\/wp-content\/uploads\/2022\/09\/Ural-Rex-Shorthair-2.jpg\",\"link\":\"https:\/\/fello.pet\/?attachment_id=12354#main\",\"alt\":\"Ural Rex Shorthair\",\"description\":\"\",\"caption\":\"\",\"mime\":\"image\/jpeg\",\"type\":\"image\",\"width\":1280,\"height\":853,\"sizes\":{\"thumbnail\":{\"url\":\"https:\/\/fello.pet\/wp-content\/uploads\/2022\/09\/Ural-Rex-Shorthair-2-280x280.jpg\",\"height\":280,\"width\":280,\"orientation\":\"landscape\"},\"medium\":{\"url\":\"https:\/\/fello.pet\/wp-content\/uploads\/2022\/09\/Ural-Rex-Shorthair-2-600x400.jpg\",\"height\":400,\"width\":600,\"orientation\":\"landscape\"},\"large\":{\"url\":\"https:\/\/fello.pet\/wp-content\/uploads\/2022\/09\/Ural-Rex-Shorthair-2-1200x800.jpg\",\"height\":800,\"width\":1200,\"orientation\":\"landscape\"},\"full\":{\"url\":\"https:\/\/fello.pet\/wp-content\/uploads\/2022\/09\/Ural-Rex-Shorthair-2.jpg\",\"height\":853,\"width\":1280,\"orientation\":\"landscape\"}},\"meta\":false,\"postlink\":\"https:\/\/fello.pet\/?attachment_id=12354#main\"}],\"itemsMetaDataCollection\":[],\"galleryData\":\"{\\u0022pageMode\\u0022:false,\\u0022lastRowFill\\u0022:false,\\u0022collectionThumbRecomendedHeight\\u0022:200,\\u0022collectionThumbMiniScreenScale\\u0022:false,\\u0022thumbSpacing\\u0022:5,\\u0022thumbMobileSpacing\\u0022:5,\\u0022externalLink\\u0022:true,\\u0022externalLinkDefName\\u0022:\\u0022Read More\\u0022,\\u0022externalLinkTextColor\\u0022:\\u0022rgba(0,0,0,1)\\u0022,\\u0022externalLinkBgColor\\u0022:\\u0022rgba(255,255,255,1)\\u0022,\\u0022externalLinkFontSize\\u0022:18,\\u0022captions\\u0022:true,\\u0022captionSrc\\u0022:\\u0022caption\\u0022,\\u0022captionHAlign\\u0022:\\u0022top\\u0022,\\u0022collectionthumbHoverTitleFontSize\\u0022:18,\\u0022collectionthumbRoundedCorners\\u0022:0,\\u0022collectionthumbHoverTitleTextColor\\u0022:\\u0022rgba(255,255,255,1)\\u0022,\\u0022collectionthumbHoverTitleTextBgColor\\u0022:\\u0022rgba(0,0,0,0.8)\\u0022,\\u0022collectionthumbHoverBgColor\\u0022:\\u0022rgba(0,0,0,0.4)\\u0022,\\u0022collectionThumbSubMenuDownload\\u0022:true,\\u0022collectionThumbSubMenuShare\\u0022:true,\\u0022collectionThumbSubMenuBgColor\\u0022:\\u0022rgba(0,0,0,0.4)\\u0022,\\u0022collectionThumbSubMenuBgColorHover\\u0022:\\u0022rgba(255,255,255,1)\\u0022,\\u0022collectionThumbSubMenuIconColor\\u0022:\\u0022rgba(255,255,255,1)\\u0022,\\u0022collectionThumbSubMenuIconColorHover\\u0022:\\u0022rgba(0,0,0,1)\\u0022,\\u0022settingsModalIsOpen\\u0022:false,\\u0022galleryType\\u0022:\\u0022pgc_sgb_justified\\u0022,\\u0022align\\u0022:\\u0022\\u0022,\\u0022galleryId\\u0022:\\u00223aa63485\\u0022,\\u0022tagsListCustomMode\\u0022:false,\\u0022initGalleryByFirstTag\\u0022:false,\\u0022deepLinkingForTag\\u0022:false,\\u0022galleryTagsList\\u0022:[],\\u0022useClobalSettings\\u0022:true,\\u0022orderBy\\u0022:\\u0022custom\\u0022,\\u0022deepLinking\\u0022:false,\\u0022useLightbox\\u0022:true,\\u0022thumbClickAction\\u0022:\\u0022useLightbox\\u0022,\\u0022numItemsDisplayed\\u0022:0,\\u0022lazyLoading\\u0022:true,\\u0022contentNoPadding\\u0022:false,\\u0022galleryPreloaderColor\\u0022:\\u0022rgba(230,230,230,1)\\u0022,\\u0022galleryBgColor\\u0022:\\u0022rgba(0,0,0,0)\\u0022,\\u0022galleryBorderRadius\\u0022:0,\\u0022customCSS\\u0022:\\u0022\\u0022,\\u0022itemsPerPage\\u0022:20,\\u0022loadMoreDefName\\u0022:\\u0022Load More\\u0022,\\u0022loadMoreFontSize\\u0022:16,\\u0022loadMoreTextColor\\u0022:\\u0022rgba(255,255,255,1)\\u0022,\\u0022loadMoreBgColor\\u0022:\\u0022rgba(0,0,0,1)\\u0022,\\u0022tagsFilter\\u0022:false,\\u0022tagCloudAll\\u0022:\\u0022All\\u0022,\\u0022tagCloudBgColor\\u0022:\\u0022rgba(153,153,153,1)\\u0022,\\u0022tagCloudBgColorOver\\u0022:\\u0022rgba(253,253,253,1)\\u0022,\\u0022tagCloudTextColor\\u0022:\\u0022rgba(253,253,253,1)\\u0022,\\u0022tagCloudTextColorOver\\u0022:\\u0022rgba(153,153,153,1)\\u0022,\\u0022tagCloudFontSize\\u0022:16,\\u0022modaBgColor\\u0022:\\u0022rgba(0,0,0,0.8)\\u0022,\\u0022modalIconColor\\u0022:\\u0022rgba(255,255,255,1)\\u0022,\\u0022modalIconColorHover\\u0022:\\u0022rgba(255,255,255,0.8)\\u0022,\\u0022shareFacebook\\u0022:true,\\u0022shareTwitter\\u0022:true,\\u0022sharePinterest\\u0022:true,\\u0022sliderItemDownload\\u0022:true,\\u0022shareCopyLink\\u0022:true,\\u0022sharePost\\u0022:\\u0022sharelink\\u0022,\\u0022copyRProtection\\u0022:false,\\u0022copyRAlert\\u0022:\\u0022Hello, this photo is mine!\\u0022,\\u0022sliderScrollNavi\\u0022:false,\\u0022sliderFullSizeViewMode\\u0022:false,\\u0022sliderNextPrevAnimation\\u0022:\\u0022animation\\u0022,\\u0022galleryScrollPositionControll\\u0022:false,\\u0022sliderVideoAutoPlay\\u0022:false,\\u0022sliderTryPlayNext\\u0022:false,\\u0022sliderVideoLoop\\u0022:false,\\u0022sliderItemCounterEnable\\u0022:true,\\u0022sliderCaptionSrc\\u0022:\\u0022caption\\u0022,\\u0022sliderItemTitleEnable\\u0022:false,\\u0022sliderItemTitleFontSize\\u0022:18,\\u0022sliderItemTitleTextColor\\u0022:\\u0022rgba(255,255,255,1)\\u0022,\\u0022itemCounterColor\\u0022:\\u0022rgba(255,255,255,1)\\u0022,\\u0022sliderThumbBarEnable\\u0022:true,\\u0022sliderThumbBarHoverColor\\u0022:\\u0022rgba(240,240,240,1)\\u0022,\\u0022sliderBgColor\\u0022:\\u0022rgba(0,0,0,0.8)\\u0022,\\u0022sliderPreloaderColor\\u0022:\\u0022rgba(240,240,240,1)\\u0022,\\u0022sliderHeaderFooterBgColor\\u0022:\\u0022rgba(0,0,0,0.4)\\u0022,\\u0022sliderNavigationColor\\u0022:\\u0022rgba(0,0,0,1)\\u0022,\\u0022sliderNavigationColorOver\\u0022:\\u0022rgba(255,255,255,1)\\u0022,\\u0022sliderNavigationIconColor\\u0022:\\u0022rgba(255,255,255,1)\\u0022,\\u0022sliderNavigationIconColorOver\\u0022:\\u0022rgba(0,0,0,1)\\u0022,\\u0022sliderSlideshow\\u0022:true,\\u0022sliderSlideshowDelay\\u0022:8,\\u0022slideshowIndicatorColor\\u0022:\\u0022rgba(255,255,255,1)\\u0022,\\u0022slideshowIndicatorColorBg\\u0022:\\u0022rgba(255,255,255,0.5)\\u0022,\\u0022sliderThumbSubMenuBackgroundColor\\u0022:\\u0022rgba(255,255,255,0)\\u0022,\\u0022sliderThumbSubMenuBackgroundColorOver\\u0022:\\u0022rgba(255,255,255,1)\\u0022,\\u0022sliderThumbSubMenuIconColor\\u0022:\\u0022rgba(255,255,255,1)\\u0022,\\u0022sliderThumbSubMenuIconHoverColor\\u0022:\\u0022rgba(0,0,0,1)\\u0022,\\u0022sliderSocialShareEnabled\\u0022:true,\\u0022sliderZoomEnable\\u0022:true,\\u0022sliderFullscreenEnabled\\u0022:true,\\u0022skin\\u0022:\\u0022justified\\u0022}\",\"useClobalSettings\":true,\"sharePost\":\"postlink\",\"sliderSocialShareEnabled\":false}<\/script><script>(function(){if(window.PGC_SGB && window.PGC_SGB.searcher){window.PGC_SGB.searcher.initBlocks()}})()<\/script><\/div>\n\n<h2 class=\"wp-block-heading\" id=\"historia-de-origen\">Historia de Origen<\/h2>\n\n\n<p>Las referencias al Ural Rex de pelo corto se remontan a la primera mitad del siglo XX. Entonces, estos extravagantes gatos rizados conquistaron el coraz\u00f3n de los habitantes de los pueblos de los Urales. Los Ural Rex fueron especialmente comunes en los Urales desde 1940 y durante la posguerra. A causa de la guerra, la distribuci\u00f3n de la raza disminuy\u00f3 bruscamente.<\/p>\n\n\n\n<p>La perrera de Ekaterimburgo restaur\u00f3 posteriormente la poblaci\u00f3n de Rex de los Urales. La raza sigue siendo escasa. Es com\u00fan en su tierra natal pero casi desconocida fuera de ella. La masa principal de la raza se encuentra en la regi\u00f3n de Sverdlovsk. Hay ejemplares de Ural Rex en Kolomna, Perm, Mosc\u00fa, Irkutsk, Sebastopol, Volgogrado, San Petersburgo, Rostov del Don y Dresde.<\/p>\n\n\n\n<p>El primer representante registrado de la raza fue un gato llamado Vasily. Naci\u00f3 en la ciudad de Zarechny en 1988. La raza recibi\u00f3 una descripci\u00f3n detallada en 1991. Entonces el Ural Rex de pelo corto atrajo la atenci\u00f3n de la felin\u00f3loga Olga Mironova. Desde 1997, las asociaciones felinas de Mosc\u00fa han estado trabajando en la raza de diversas maneras para determinar el gen del rizo. S\u00f3lo en 1999, el Ural Rex de pelo corto fue registrado como raza independiente. La Asociaci\u00f3n Internacional del Gato WCF aprob\u00f3 el est\u00e1ndar de la raza en 2006.<\/p>\n\n\n<h2 class=\"wp-block-heading\" id=\"apariencia\">Apariencia<\/h2>\n\n\n<p>El est\u00e1ndar de la raza Rex de pelo largo y de pelo corto es casi id\u00e9ntico. Las \u00fanicas diferencias son la estructura y la longitud del pelaje. El Rex de pelo corto tiene un pelaje algo m\u00e1s corto y no forma una melena demasiado esponjosa. Los rizos el\u00e1sticos e inusuales son la carta de presentaci\u00f3n de la raza.<\/p>\n\n\n\n<p>Curiosamente, el gen del rizo aparece mucho antes en los Rex que en otros gatos. Los rizos se estructuran hacia el tercer mes de vida del gatito. Adem\u00e1s, el gen de la mutaci\u00f3n del Ural Rex se considera \u00fanico. El cruce de la raza con los Rex de Cornualles y alemanes no dio resultados. Los gatitos nacieron con el pelo liso.<\/p>\n\n\n\n<p>Los representantes de la raza no pertenecen al n\u00famero de gatos grandes. El Ural Rex de pelo corto es un gato de tama\u00f1o medio con una constituci\u00f3n bien proporcionada y armoniosa. La cabeza es triangular, con l\u00edneas suaves. El hocico es peque\u00f1o, los p\u00f3mulos y la transici\u00f3n de la frente a la nariz son bien pronunciados. Las orejas son de tama\u00f1o medio, de inserci\u00f3n alta y rectas. Los ojos ovalados parecen ligeramente inclinados. Los ojos tienen una mirada atenta. El color de los ojos puede ser de cualquier color. La cola es recta, delgada y con pelo rizado bien desarrollado.<\/p>\n\n\n\n<p>El pelo del Ural Rex es corto y fino. Tiene un rizo y unas ondas \u00fanicas. El color est\u00e1ndar est\u00e1 permitido. Los colores m\u00e1s comunes son el crema, el negro, el carey, el dorado y el atigrado. El est\u00e1ndar no permite el pelo liso y el cuerpo demasiado largo y delgado.<\/p>\n\n\n<h2 class=\"wp-block-heading\" id=\"personaje\">Personaje<\/h2>\n\n\n<p>El Ural Rex de pelo corto es un miembro de la familia cari\u00f1oso y amistoso. Est\u00e1 muy apegado a su due\u00f1o y no tolera la soledad. Por lo tanto, no se adaptar\u00e1 a una persona que falte constantemente al trabajo. Sobre el Ural Rex de pelo corto, se dice que es amable y tolerante absolutamente con todo el mundo. Se refiere tanto a los extra\u00f1os como a otras mascotas. Adem\u00e1s, el Ural Rex no es agresivo. Con los ni\u00f1os de cualquier edad encontrar\u00e1 perfectamente un lenguaje com\u00fan.<\/p>\n\n\n\n<p>Los Ural Rex no son competitivos y son muy comunicativos. Se adaptan bien a cualquier entorno dom\u00e9stico. Les encanta la atenci\u00f3n del due\u00f1o pero no son intrusivos. Esperan tranquilamente a que llegue del trabajo y luego se quedar\u00e1n felices en el sof\u00e1.<\/p>\n\n\n<h2 class=\"wp-block-heading\" id=\"cuidado\">Cuidado<\/h2>\n\n\n<p>El aseo del Ural Rex de pelo corto no es complicado. Durante los periodos de muda, conviene peinar a la mascota rizada cada pocos d\u00edas. En \u00e9pocas normales, una vez a la semana ser\u00e1 suficiente.<\/p>\n\n\n\n<p>Los representantes de la raza tienen una piel delicada, por lo que los procedimientos de agua frecuentes no son bienvenidos. El Ural Rex debe ser ba\u00f1ado con poca frecuencia cuando est\u00e1 sucio. Las orejas y los ojos deben ser examinados sistem\u00e1ticamente y comprobar si hay inflamaci\u00f3n. Las garras deben recortarse cada 10-12 d\u00edas.<\/p>\n\n\n<h2 class=\"wp-block-heading\" id=\"educacion\">Educaci\u00f3n<\/h2>\n\n\n<p>Los propietarios del Ural Rex de pelo corto destacan su alto nivel de inteligencia. Tambi\u00e9n es bastante curioso y activo. Estos amigos de pelo rizado recuerdan y cumplen r\u00e1pidamente las peticiones del propietario. No tendr\u00e1 problemas para acostumbrar a la mascota a la caja de arena o para ense\u00f1arle \u00f3rdenes sencillas. Adem\u00e1s, el Ural Rex de pelo corto es muy aficionado a una gran variedad de juguetes. Por eso, en ausencia del propietario, les resulta m\u00e1s f\u00e1cil soportar la soledad.<\/p>\n\n\n<h2 class=\"wp-block-heading\" id=\"enfermedades-comunes\">Enfermedades Comunes<\/h2>\n\n\n<p>La herencia y la gen\u00e9tica de los Ural Rex son normales. No se han identificado enfermedades graves. No corren riesgo de sufrir diversas patolog\u00edas y tienen un sistema inmunitario fuerte. Con los cuidados adecuados, pueden vivir m\u00e1s de 16 a\u00f1os.<\/p>\n\n\n<h2 class=\"wp-block-heading\" id=\"nutricion\">Nutrici\u00f3n<\/h2>\n\n\n<p>Los Ural Rex son bastante indiferentes a la hora de elegir su alimentaci\u00f3n. Una dieta consistente en comida natural ser\u00e1 suficiente, as\u00ed como comida seca preparada. Lo m\u00e1s importante es no mezclar los dos tipos de alimentaci\u00f3n. Es perjudicial para la salud y el sistema digestivo del animal.<\/p>\n\n\n\n","protected":false},"excerpt":{"rendered":"<p>El Ural Rex de pelo corto es un miembro de la familia cari\u00f1oso y amistoso. Est\u00e1 muy apegado a su due\u00f1o y no tolera la soledad. Por lo tanto, no se adaptar\u00e1 a una persona que falte constantemente al trabajo. Sobre el Ural Rex de pelo corto, se dice que es amable y tolerante absolutamente [&hellip;]<\/p>\n","protected":false},"author":2,"featured_media":12352,"comment_status":"open","ping_status":"open","sticky":false,"template":"","format":"standard","meta":{"_acf_changed":false,"inline_featured_image":false,"pgc_sgb_lightbox_settings":"","footnotes":""},"categories":[274],"tags":[339,351,347],"class_list":["post-12359","post","type-post","status-publish","format-standard","has-post-thumbnail","hentry","category-razas-de-gatos","tag-razas-de-gatos-de-pelo-corto","tag-razas-de-gatos-hipoalergenicos","tag-razas-de-gatos-raras"],"acf":[],"_links":{"self":[{"href":"https:\/\/fello.pet\/es\/wp-json\/wp\/v2\/posts\/12359","targetHints":{"allow":["GET"]}}],"collection":[{"href":"https:\/\/fello.pet\/es\/wp-json\/wp\/v2\/posts"}],"about":[{"href":"https:\/\/fello.pet\/es\/wp-json\/wp\/v2\/types\/post"}],"author":[{"embeddable":true,"href":"https:\/\/fello.pet\/es\/wp-json\/wp\/v2\/users\/2"}],"replies":[{"embeddable":true,"href":"https:\/\/fello.pet\/es\/wp-json\/wp\/v2\/comments?post=12359"}],"version-history":[{"count":1,"href":"https:\/\/fello.pet\/es\/wp-json\/wp\/v2\/posts\/12359\/revisions"}],"predecessor-version":[{"id":12360,"href":"https:\/\/fello.pet\/es\/wp-json\/wp\/v2\/posts\/12359\/revisions\/12360"}],"wp:featuredmedia":[{"embeddable":true,"href":"https:\/\/fello.pet\/es\/wp-json\/wp\/v2\/media\/12352"}],"wp:attachment":[{"href":"https:\/\/fello.pet\/es\/wp-json\/wp\/v2\/media?parent=12359"}],"wp:term":[{"taxonomy":"category","embeddable":true,"href":"https:\/\/fello.pet\/es\/wp-json\/wp\/v2\/categories?post=12359"},{"taxonomy":"post_tag","embeddable":true,"href":"https:\/\/fello.pet\/es\/wp-json\/wp\/v2\/tags?post=12359"}],"curies":[{"name":"wp","href":"https:\/\/api.w.org\/{rel}","templated":true}]}}